{"id":1452,"date":"2013-07-04T07:02:03","date_gmt":"2013-07-04T11:02:03","guid":{"rendered":"http:\/\/www.brazilianpress.com\/v1\/?p=1452"},"modified":"2013-07-04T07:02:03","modified_gmt":"2013-07-04T11:02:03","slug":"ao-som-de-o-campeao-voltou-renato-gaucho-e-recebido-com-festa-no-gremio","status":"publish","type":"post","link":"https:\/\/www.brazilianpress.com\/v1\/2013\/07\/04\/ao-som-de-o-campeao-voltou-renato-gaucho-e-recebido-com-festa-no-gremio\/","title":{"rendered":"Ao som de &#8216;o campe\u00e3o voltou&#8217;, Renato Ga\u00facho \u00e9 recebido com festa no Gr\u00eamio"},"content":{"rendered":"<p>O maior \u00eddolo da hist\u00f3ria do Gr\u00eamio est\u00e1 de volta. Cerca de 500 pessoas recepcionaram Renato Ga\u00facho no aeroporto Salgado Filho na ter\u00e7a-feira. Ao som de &#8216;O campe\u00e3o voltou&#8217;, o treinador passou rapidamente pelo corredor de torcedores e foi para Arena, onde conceder\u00e1 entrevista, ser\u00e1 apresentado e comandar\u00e1 o primeiro treinamento.<\/p>\n<p><img loading=\"lazy\" class=\"alignnone size-full wp-image-1455\" alt=\"renato gaucho\" src=\"http:\/\/www.brazilianpress.com\/v1\/wp-content\/uploads\/2013\/07\/renato-gaucho.jpg\" width=\"500\" height=\"244\" srcset=\"https:\/\/www.brazilianpress.com\/v1\/wp-content\/uploads\/2013\/07\/renato-gaucho.jpg 500w, https:\/\/www.brazilianpress.com\/v1\/wp-content\/uploads\/2013\/07\/renato-gaucho-300x146.jpg 300w\" sizes=\"(max-width: 500px) 100vw, 500px\" \/><\/p>\n<p>O voo que trouxe Renato Ga\u00facho a Porto Alegre estava inicialmente marcado para chegar as 11h. Mas devido a neblina, o aeroporto da capital ga\u00facha esteve fechado e atrasou a chegada. Com isso, ele desembarcou pontualmente \u00e0s 13h30.<\/p>\n<p>Os torcedores permaneceram na espera durante horas. Cantando sempre, mostrando bandeiras e festajando o retorno do \u00eddolo. Renato conquistou como jogador do Gr\u00eamio os t\u00edtulos da Libertadores e do Mundial de 1983, maiores feitos dos mais de 100 anos do Tricolor ga\u00facho.<\/p>\n<p>A agenda \u00e9 corrida. \u00c0s 14h30 ele conceder\u00e1 entrevista coletiva de apresenta\u00e7\u00e3o na Arena do Gr\u00eamio e em seguida comandar\u00e1 o primeiro treinamento. O trabalho ser\u00e1 realizado na Arena e ter\u00e1 portas abertas ao p\u00fablico. S\u00e3o esperados 5 mil torcedores para acompanhar a atividade.<\/p>\n<p>Renato Ga\u00facho volta a ser t\u00e9cnico do Gr\u00eamio dois anos depois. Entre agosto de 2010 e junho de 2011 ele esteve \u00e0 frente da equipe azul, branca e preta. No per\u00edodo conquistou um turno do Gauch\u00e3o e a vaga na Libertadores de 2011. Mas acabou demitido em seguida por desaven\u00e7as com o ex-presidente Paulo Odone.<\/p>\n","protected":false},"excerpt":{"rendered":"<p>O maior \u00eddolo da hist\u00f3ria do Gr\u00eamio est\u00e1 de volta. Cerca de 500 pessoas recepcionaram Renato Ga\u00facho no aeroporto Salgado Filho na ter\u00e7a-feira. Ao som de &#8216;O campe\u00e3o voltou&#8217;, o treinador passou rapidamente pelo corredor de torcedores e foi para Arena, onde conceder\u00e1 entrevista, ser\u00e1 apresentado e comandar\u00e1 o primeiro treinamento. O voo que trouxe Renato Ga\u00facho a Porto Alegre estava inicialmente marcado para chegar as 11h. Mas devido a neblina, o aeroporto da capital ga\u00facha esteve fechado e atrasou a chegada. Com isso, ele desembarcou pontualmente \u00e0s 13h30. Os torcedores permaneceram na espera durante horas. Cantando sempre, mostrando bandeiras [&hellip;]<\/p>\n","protected":false},"author":1,"featured_media":1455,"comment_status":"open","ping_status":"open","sticky":false,"template":"","format":"standard","meta":{"_links_to":"","_links_to_target":""},"categories":[9,1],"tags":[],"views":3214,"_links":{"self":[{"href":"https:\/\/www.brazilianpress.com\/v1\/wp-json\/wp\/v2\/posts\/1452"}],"collection":[{"href":"https:\/\/www.brazilianpress.com\/v1\/wp-json\/wp\/v2\/posts"}],"about":[{"href":"https:\/\/www.brazilianpress.com\/v1\/wp-json\/wp\/v2\/types\/post"}],"author":[{"embeddable":true,"href":"https:\/\/www.brazilianpress.com\/v1\/wp-json\/wp\/v2\/users\/1"}],"replies":[{"embeddable":true,"href":"https:\/\/www.brazilianpress.com\/v1\/wp-json\/wp\/v2\/comments?post=1452"}],"version-history":[{"count":1,"href":"https:\/\/www.brazilianpress.com\/v1\/wp-json\/wp\/v2\/posts\/1452\/revisions"}],"predecessor-version":[{"id":1457,"href":"https:\/\/www.brazilianpress.com\/v1\/wp-json\/wp\/v2\/posts\/1452\/revisions\/1457"}],"wp:featuredmedia":[{"embeddable":true,"href":"https:\/\/www.brazilianpress.com\/v1\/wp-json\/wp\/v2\/media\/1455"}],"wp:attachment":[{"href":"https:\/\/www.brazilianpress.com\/v1\/wp-json\/wp\/v2\/media?parent=1452"}],"wp:term":[{"taxonomy":"category","embeddable":true,"href":"https:\/\/www.brazilianpress.com\/v1\/wp-json\/wp\/v2\/categories?post=1452"},{"taxonomy":"post_tag","embeddable":true,"href":"https:\/\/www.brazilianpress.com\/v1\/wp-json\/wp\/v2\/tags?post=1452"}],"curies":[{"name":"wp","href":"https:\/\/api.w.org\/{rel}","templated":true}]}}