{"id":1462,"date":"2013-07-04T07:05:29","date_gmt":"2013-07-04T11:05:29","guid":{"rendered":"http:\/\/www.brazilianpress.com\/v1\/?p=1462"},"modified":"2013-07-04T07:20:28","modified_gmt":"2013-07-04T11:20:28","slug":"apoio-da-torcida-brasileira-foi-decisivo-na-conquista-da-copa-das-confederacoes","status":"publish","type":"post","link":"https:\/\/www.brazilianpress.com\/v1\/2013\/07\/04\/apoio-da-torcida-brasileira-foi-decisivo-na-conquista-da-copa-das-confederacoes\/","title":{"rendered":"Apoio da torcida brasileira foi decisivo na conquista da Copa das Confedera\u00e7\u00f5es"},"content":{"rendered":"<p><strong>ANDR\u00c9 RIZEK, APRESENTADOR DO SPORTV, DESTACA FOR\u00c7A DAS ARQUIBANCADAS EM JOGOS DA SELE\u00c7\u00c3O E FALA DE &#8216;AMBIENTE FAVOR\u00c1VEL&#8217; PARA A COPA DO MUNDO DE 2014<\/strong><\/p>\n<p>Com boas atua\u00e7\u00f5es na Copa das Confedera\u00e7\u00f5es, a Sele\u00e7\u00e3o Brasileira chegou aos 100% de aproveitamento (cinco vit\u00f3rias em cinco jogos). Na final\u00edssima, o Brasil bateu a Espanha por 3 a 0, sagrou-se campe\u00e3o e espantou a desconfian\u00e7a que o torcedor tinha na equipe antes da competi\u00e7\u00e3o. Na opini\u00e3o do apresentador do SporTV e PFC, Andr\u00e9 Rizek, que n\u00e3o previa tal sucesso, a for\u00e7a \u201cexemplar\u201d das arquibancadas tem potencial para embalar a Sele\u00e7\u00e3o na busca pelo hexa na Copa do Mundo de 2014.<!--more--><\/p>\n<p><img loading=\"lazy\" class=\"alignnone size-full wp-image-1454\" alt=\"galvao bueno\" src=\"http:\/\/www.brazilianpress.com\/v1\/wp-content\/uploads\/2013\/07\/galvao-bueno.jpg\" width=\"500\" height=\"316\" srcset=\"https:\/\/www.brazilianpress.com\/v1\/wp-content\/uploads\/2013\/07\/galvao-bueno.jpg 500w, https:\/\/www.brazilianpress.com\/v1\/wp-content\/uploads\/2013\/07\/galvao-bueno-300x189.jpg 300w\" sizes=\"(max-width: 500px) 100vw, 500px\" \/><\/p>\n<p>&#8211; Eu acho que a maneira como a Sele\u00e7\u00e3o se comportou em campo tem a ver tamb\u00e9m com a press\u00e3o que torcida faz, essa empolga\u00e7\u00e3o&#8230; Uma Sele\u00e7\u00e3o que joga assim dentro de casa nunca pode ser descartada para vencer uma competi\u00e7\u00e3o. A gente tinha muita d\u00favida sobre como seria o comportamento do torcedor brasileiro numa competi\u00e7\u00e3o da Fifa. E foi exemplar! Como podemos descartar a sele\u00e7\u00e3o brasileira para uma Copa do Mundo, sabendo da qualidade que o time tem hoje e essa torcida do lado!? &#8211; disse o jornalista. Logo na estreia no torneio, diante do Jap\u00e3o, a Sele\u00e7\u00e3o ganhou o apoio da torcida brasileira &#8211; que roubou a cena durante os jogos cantando o Hino Nacional &#8220;a capella&#8221; e apoiando a equipe.<\/p>\n<p>A Copa das Confedera\u00e7\u00f5es no Brasil e do Brasil foi tamb\u00e9m o palco para a confirma\u00e7\u00e3o do talento de Neymar. O camisa 10 da Sele\u00e7\u00e3o correspondeu, com folga, \u00e0s expectativas e se tornou o protagonista da competi\u00e7\u00e3o: ganhou a Bola de Ouro dada ao craque do torneio, terminou como terceiro artilheiro e ainda foi decisivo na conquista do t\u00edtulo.<\/p>\n<p>Outro destaque foi J\u00falio C\u00e9sar, que ganhou a Luva de Ouro, pr\u00eamio de melhor goleiro da Copa. O bom rendimento j\u00e1 aumentou o cartaz que o goleiro havia perdido no exterior. No dia seguinte \u00e0 final, o site do jornal catal\u00e3o Sport, especialista em cobertura de Barcelona, sugeriu ao clube que contratasse o brasileiro em chamada de capa &#8211; na mat\u00e9ria, esmiu\u00e7ava a situa\u00e7\u00e3o dele no Queens Park Rangers. O futuro de Victor Vald\u00e9s \u00e9 incerto no Bar\u00e7a, e a diretoria pensa em buscar outro arqueiro. O argumento da publica\u00e7\u00e3o \u00e9 o pre\u00e7o do rompimento de contrato de Julio C\u00e9sar com os ingleses: 3 milh\u00f5es de euros (R$ 8,7 milh\u00f5es).<\/p>\n<p>O atacante Fred tamb\u00e9m ganhou manchetes no exterior como poss\u00edvel refor\u00e7o do Manchester City, da Inglaterra. O jogador do Fluminense terminou a competi\u00e7\u00e3o com cinco gols, assim como o atacante espanhol Fernando Torres, que ficou com a chuteira de ouro por ter disputado menos jogos. Fred ficou com a de prata dada pela Fifa.<\/p>\n<p><img loading=\"lazy\" class=\"alignnone size-full wp-image-1456\" alt=\"sportv\" src=\"http:\/\/www.brazilianpress.com\/v1\/wp-content\/uploads\/2013\/07\/sportv.jpg\" width=\"500\" height=\"332\" srcset=\"https:\/\/www.brazilianpress.com\/v1\/wp-content\/uploads\/2013\/07\/sportv.jpg 500w, https:\/\/www.brazilianpress.com\/v1\/wp-content\/uploads\/2013\/07\/sportv-300x199.jpg 300w\" sizes=\"(max-width: 500px) 100vw, 500px\" \/><\/p>\n<p>O estilo envolvente da Espanha, de muito toque de bola e movimenta\u00e7\u00e3o, fez a equipe conquistar as \u00faltimas duas Eurocopas, al\u00e9m da Copa do Mundo de 2010. Mas, no jgo contra o Brasil, a Roja levou um passeio: 3 a 0. Para o jornalista do &#8220;O Globo&#8221; Carlos Eduardo Mansur, o time de Vicente del Bosque n\u00e3o conseguiu repetir a mesma postura t\u00e1tica que o levou aos t\u00edtulos recentes, dando muito espa\u00e7o para os contra-ataques brasileiros.<\/p>\n<p>&#8211; Muitas vezes a Espanha tendia para um 4-3-3 muito espalhado em campo. N\u00e3o conseguiu ocupar o meio de campo e permitiu que o Brasil, com seu jogo de press\u00e3o, fizesse uma quantidade de desarmes e contra-ataques muito grandes. A Espanha com Xabi Alonso, Busquets, Xavi, Iniesta, \u00e0s vezes Fabregas, todos juntos, e um falso atacante ou \u00e0s vezes com dois atacantes, como na Copa do Mundo, parecia mais agrupada e conservava a bola mais tempo, com mais facilidade, porque os jogadores estavam mais juntos. E o que mais me impressionou foi a vantagem f\u00edsica do Brasil, que foi incr\u00edvel &#8211; afirmou, durante a participa\u00e7\u00e3o no Reda\u00e7\u00e3o SporTV.<\/p>\n<p>Mesmo com a diferen\u00e7a para os melhores momentos desta Espanha, o jornalista acredita que o estilo da equipe n\u00e3o se altera e que uma escola foi criada. Por\u00e9m, a distribui\u00e7\u00e3o do time em campo foi o grande problema contra o Brasil.<br \/>\n&#8211; O estilo n\u00e3o se altera. Se criou uma escola e continua sendo vitoriosa nas competi\u00e7\u00f5es de base. O que eu vi de diferente nesta Espanha da Copa das Confedera\u00e7\u00f5es, e que a mim estranhou um pouco, \u00e9 que a forma de tentar jogar futebol foi a mesma, mas a distribui\u00e7\u00e3o do time em campo me pareceu diferente. Diferente da Euro e do Mundial de 2010, onde vi uma Espanha mais agrupada em campo &#8211; concluiu.<\/p>\n<p>Ainda em festa por mais um t\u00edtulo, e pela exibi\u00e7\u00e3o hist\u00f3rica diante da Espanha, a Sele\u00e7\u00e3o tamb\u00e9m tem motivos para se preocupar. Nas outras tr\u00eas vezes em que conquistou o \u201cevento-teste\u201d, no ano seguinte a equipe fracassou na tentativa de levantar a Copa do Mundo, principal competi\u00e7\u00e3o do planeta. Agora, Luiz Felipe Scolari ter\u00e1 um ano para melhorar os pontos negativos e, principalmente, n\u00e3o deixar que seus trunfos virem problemas.<\/p>\n<p>Entre a euforia pelo t\u00edtulo conquistado em casa sobre a temida F\u00faria, Felip\u00e3o admite que sua sele\u00e7\u00e3o ainda est\u00e1 em forma\u00e7\u00e3o e deve fazer mudan\u00e7as, ou no m\u00ednimo experi\u00eancias, no grupo at\u00e9 a Copa do Mundo de 2014. Ele torce para que a adapta\u00e7\u00e3o de Neymar ao Barcelona seja r\u00e1pida e n\u00e3o atrapalhe o craque, que fez \u00f3timo torneio. Al\u00e9m disso, precisa contar com a boa forma f\u00edsica de jogadores importantes como Fred, Thiago Silva, Paulinho, que tamb\u00e9m jogar\u00e1 na Europa, e Oscar.<\/p>\n<p>Saiba tudo sobre o futebol brasileiro pelo PFC. S\u00e3o mais de 600 jogos ao vivo por ano entre Campeonatos Brasileiros, Copa do Brasil e os Estaduais. A programa\u00e7\u00e3o tamb\u00e9m exibe o programa \u201cCamarote FC\u201d, al\u00e9m de atra\u00e7\u00f5es do canal brasileiro SporTV, privilegiando o conte\u00fado relativo ao futebol do pa\u00eds, como o \u201cTroca de Passes\u201d, \u201cReda\u00e7\u00e3o SporTV\u201d, \u201cSporTV News\u201d, \u201c\u00c9 Gol!\u201d e \u201cBem, Amigos!\u201d.<\/p>\n","protected":false},"excerpt":{"rendered":"<p>ANDR\u00c9 RIZEK, APRESENTADOR DO SPORTV, DESTACA FOR\u00c7A DAS ARQUIBANCADAS EM JOGOS DA SELE\u00c7\u00c3O E FALA DE &#8216;AMBIENTE FAVOR\u00c1VEL&#8217; PARA A COPA DO MUNDO DE 2014 Com boas atua\u00e7\u00f5es na Copa das Confedera\u00e7\u00f5es, a Sele\u00e7\u00e3o Brasileira chegou aos 100% de aproveitamento (cinco vit\u00f3rias em cinco jogos). Na final\u00edssima, o Brasil bateu a Espanha por 3 a 0, sagrou-se campe\u00e3o e espantou a desconfian\u00e7a que o torcedor tinha na equipe antes da competi\u00e7\u00e3o. Na opini\u00e3o do apresentador do SporTV e PFC, Andr\u00e9 Rizek, que n\u00e3o previa tal sucesso, a for\u00e7a \u201cexemplar\u201d das arquibancadas tem potencial para embalar a Sele\u00e7\u00e3o na busca pelo [&hellip;]<\/p>\n","protected":false},"author":1,"featured_media":1454,"comment_status":"open","ping_status":"open","sticky":false,"template":"","format":"standard","meta":{"_links_to":"","_links_to_target":""},"categories":[9,1],"tags":[],"views":2464,"_links":{"self":[{"href":"https:\/\/www.brazilianpress.com\/v1\/wp-json\/wp\/v2\/posts\/1462"}],"collection":[{"href":"https:\/\/www.brazilianpress.com\/v1\/wp-json\/wp\/v2\/posts"}],"about":[{"href":"https:\/\/www.brazilianpress.com\/v1\/wp-json\/wp\/v2\/types\/post"}],"author":[{"embeddable":true,"href":"https:\/\/www.brazilianpress.com\/v1\/wp-json\/wp\/v2\/users\/1"}],"replies":[{"embeddable":true,"href":"https:\/\/www.brazilianpress.com\/v1\/wp-json\/wp\/v2\/comments?post=1462"}],"version-history":[{"count":3,"href":"https:\/\/www.brazilianpress.com\/v1\/wp-json\/wp\/v2\/posts\/1462\/revisions"}],"predecessor-version":[{"id":1467,"href":"https:\/\/www.brazilianpress.com\/v1\/wp-json\/wp\/v2\/posts\/1462\/revisions\/1467"}],"wp:featuredmedia":[{"embeddable":true,"href":"https:\/\/www.brazilianpress.com\/v1\/wp-json\/wp\/v2\/media\/1454"}],"wp:attachment":[{"href":"https:\/\/www.brazilianpress.com\/v1\/wp-json\/wp\/v2\/media?parent=1462"}],"wp:term":[{"taxonomy":"category","embeddable":true,"href":"https:\/\/www.brazilianpress.com\/v1\/wp-json\/wp\/v2\/categories?post=1462"},{"taxonomy":"post_tag","embeddable":true,"href":"https:\/\/www.brazilianpress.com\/v1\/wp-json\/wp\/v2\/tags?post=1462"}],"curies":[{"name":"wp","href":"https:\/\/api.w.org\/{rel}","templated":true}]}}