{"id":1469,"date":"2013-07-04T07:09:46","date_gmt":"2013-07-04T11:09:46","guid":{"rendered":"http:\/\/www.brazilianpress.com\/v1\/?p=1469"},"modified":"2013-07-04T07:09:46","modified_gmt":"2013-07-04T11:09:46","slug":"terremoto-na-indonesia-deixa-22-mortos-e-210-feridos","status":"publish","type":"post","link":"https:\/\/www.brazilianpress.com\/v1\/2013\/07\/04\/terremoto-na-indonesia-deixa-22-mortos-e-210-feridos\/","title":{"rendered":"Terremoto na Indon\u00e9sia deixa 22 mortos e 210 feridos"},"content":{"rendered":"<p>O terremoto de 6,1 graus de magnitude que sacudiu a Indon\u00e9sia na ter\u00e7a-feira deixou 22 mortos e 210 feridos na prov\u00edncia de Aceh, segundo o \u00faltimo boletim da Ag\u00eancia Indon\u00e9sia de Desastres Naturais, publicado ontem (quarta-feira 03).<\/p>\n<p><img loading=\"lazy\" class=\"alignnone size-full wp-image-1474\" alt=\"terremoto indonesia\" src=\"http:\/\/www.brazilianpress.com\/v1\/wp-content\/uploads\/2013\/07\/terremoto-indonesia.jpg\" width=\"500\" height=\"332\" srcset=\"https:\/\/www.brazilianpress.com\/v1\/wp-content\/uploads\/2013\/07\/terremoto-indonesia.jpg 500w, https:\/\/www.brazilianpress.com\/v1\/wp-content\/uploads\/2013\/07\/terremoto-indonesia-300x199.jpg 300w\" sizes=\"(max-width: 500px) 100vw, 500px\" \/><\/p>\n<p>\u2014 No total, 22 pessoas morreram e 210 ficaram feridas. Milhares de pr\u00e9dios sofreram danos \u2014 disse Sutopo Purwo Nugroho, porta-voz da ag\u00eancia.<!--more--><\/p>\n<p>O boletim precedente informava 11 mortos e cerca de 50 feridos. Um helic\u00f3ptero foi enviado \u00e0 prov\u00edncia de Aceh &#8211; j\u00e1 devastada em 2004 por um terremoto e um tsunami &#8211; para apoiar os esfor\u00e7os de socorro, em especial na fronteira entre os distritos de Aceh Central e Bener Meriah, a zona mais afetada,\u00a0informou o porta-voz.<\/p>\n<p>O tremor aconteceu pouco depois das 16h30min (4h30min pelos hor\u00e1rio de Bras\u00edlia) e teve epicentro 55 quil\u00f4metros ao sul da cidade de Bireuen, a 10 quil\u00f4metros de profundidade, segundo o Centro Geol\u00f3gico dos Estados Unidos (USGS).<\/p>\n<p>A Indon\u00e9sia fica no &#8220;anel de fogo&#8221; do Pac\u00edfico, uma \u00e1rea de colis\u00f5es entre placas tect\u00f4nicas que provocam terremotos ou erup\u00e7\u00f5es vulc\u00e2nicas. Em 2004, um terremoto de grande magnitude seguido por um tsunami provocou a morte de 170 mil pessoas na prov\u00edncia de Aceh, situada no extremo norte da ilha de Sumatra, e deixou dezenas de milhares de v\u00edtimas em todo o Oceano \u00cdndico.<\/p>\n","protected":false},"excerpt":{"rendered":"<p>O terremoto de 6,1 graus de magnitude que sacudiu a Indon\u00e9sia na ter\u00e7a-feira deixou 22 mortos e 210 feridos na prov\u00edncia de Aceh, segundo o \u00faltimo boletim da Ag\u00eancia Indon\u00e9sia de Desastres Naturais, publicado ontem (quarta-feira 03). \u2014 No total, 22 pessoas morreram e 210 ficaram feridas. Milhares de pr\u00e9dios sofreram danos \u2014 disse Sutopo Purwo Nugroho, porta-voz da ag\u00eancia.<\/p>\n","protected":false},"author":1,"featured_media":1474,"comment_status":"open","ping_status":"open","sticky":false,"template":"","format":"standard","meta":{"_links_to":"","_links_to_target":""},"categories":[8,1],"tags":[],"views":3154,"_links":{"self":[{"href":"https:\/\/www.brazilianpress.com\/v1\/wp-json\/wp\/v2\/posts\/1469"}],"collection":[{"href":"https:\/\/www.brazilianpress.com\/v1\/wp-json\/wp\/v2\/posts"}],"about":[{"href":"https:\/\/www.brazilianpress.com\/v1\/wp-json\/wp\/v2\/types\/post"}],"author":[{"embeddable":true,"href":"https:\/\/www.brazilianpress.com\/v1\/wp-json\/wp\/v2\/users\/1"}],"replies":[{"embeddable":true,"href":"https:\/\/www.brazilianpress.com\/v1\/wp-json\/wp\/v2\/comments?post=1469"}],"version-history":[{"count":1,"href":"https:\/\/www.brazilianpress.com\/v1\/wp-json\/wp\/v2\/posts\/1469\/revisions"}],"predecessor-version":[{"id":1475,"href":"https:\/\/www.brazilianpress.com\/v1\/wp-json\/wp\/v2\/posts\/1469\/revisions\/1475"}],"wp:featuredmedia":[{"embeddable":true,"href":"https:\/\/www.brazilianpress.com\/v1\/wp-json\/wp\/v2\/media\/1474"}],"wp:attachment":[{"href":"https:\/\/www.brazilianpress.com\/v1\/wp-json\/wp\/v2\/media?parent=1469"}],"wp:term":[{"taxonomy":"category","embeddable":true,"href":"https:\/\/www.brazilianpress.com\/v1\/wp-json\/wp\/v2\/categories?post=1469"},{"taxonomy":"post_tag","embeddable":true,"href":"https:\/\/www.brazilianpress.com\/v1\/wp-json\/wp\/v2\/tags?post=1469"}],"curies":[{"name":"wp","href":"https:\/\/api.w.org\/{rel}","templated":true}]}}