{"id":1477,"date":"2013-07-04T07:11:38","date_gmt":"2013-07-04T11:11:38","guid":{"rendered":"http:\/\/www.brazilianpress.com\/v1\/?p=1477"},"modified":"2013-07-04T07:11:38","modified_gmt":"2013-07-04T11:11:38","slug":"isto-foi-quase-como-um-sequestro-de-13-horas-disse-evo-morales-apos-ter-aviao-retido-em-viena","status":"publish","type":"post","link":"https:\/\/www.brazilianpress.com\/v1\/2013\/07\/04\/isto-foi-quase-como-um-sequestro-de-13-horas-disse-evo-morales-apos-ter-aviao-retido-em-viena\/","title":{"rendered":"&#8220;Isto foi quase como um sequestro de 13 horas&#8221;, disse Evo Morales ap\u00f3s ter avi\u00e3o retido em Viena"},"content":{"rendered":"<p><strong>Presidente boliviano reclamou do tratamento dos pa\u00edses europeus, que fecharam o espa\u00e7o a\u00e9reo por suspeita de que aeronave transportava o fugitivo norte-americano Edward Snowden<\/strong><\/p>\n<p>O avi\u00e3o do presidente boliviano Evo Morales decolou ontem (quarta-feira 03), de Viena, onde teve que fazer uma escala na ter\u00e7a-feira depois que v\u00e1rios pa\u00edses europeus fecharam o espa\u00e7o a\u00e9reo pela suspeita\u00a0\u2014 desmentida por La Paz\u00a0\u2014 de que transportava o fugitivo americano Edward Snowden.<\/p>\n<p><img loading=\"lazy\" class=\"alignnone size-full wp-image-1472\" alt=\"evo morales\" src=\"http:\/\/www.brazilianpress.com\/v1\/wp-content\/uploads\/2013\/07\/evo-morales.jpg\" width=\"500\" height=\"332\" srcset=\"https:\/\/www.brazilianpress.com\/v1\/wp-content\/uploads\/2013\/07\/evo-morales.jpg 500w, https:\/\/www.brazilianpress.com\/v1\/wp-content\/uploads\/2013\/07\/evo-morales-300x199.jpg 300w\" sizes=\"(max-width: 500px) 100vw, 500px\" \/><\/p>\n<p>\u2014 Isto foi quase como um sequestro de 13 horas que permitiu que os governos de Fran\u00e7a, It\u00e1lia, Portugal e Espanha pudessem revisar um erro hist\u00f3rico\u00a0\u2014 disse o presidente no aeroporto da capital austr\u00edaca.<!--more--><\/p>\n<p>Morales, a quem Fran\u00e7a, It\u00e1lia, Portugal e Espanha negaram passagem durante quase um dia, deve demorar 15 horas para chegar \u00e0 Bol\u00edvia, segundo o minist\u00e9rio da Comunica\u00e7\u00e3o de La Paz. O avi\u00e3o far\u00e1 escala nas Ilhas Can\u00e1rias, na Espanha, e em Fortaleza, no Brasil. As duas escalas ser\u00e3o feitas para reabastecimento.<\/p>\n<p>Morales disse \u00e0 imprensa que Madri pediu para inspecionar o avi\u00e3o antes de autorizar a entrada no espa\u00e7o a\u00e9reo, mas que ele se negou porque seria uma viola\u00e7\u00e3o da legisla\u00e7\u00e3o internacional.<\/p>\n<p>Mais cedo, Morales reclamou da maneira como foi tratado depois que seu avi\u00e3o foi desviado para Viena na ter\u00e7a-feira.<\/p>\n<p>\u2014 N\u00e3o sou um criminoso \u2014\u00a0afirmou Morales, depois que, segundo as autoridades bolivianas, v\u00e1rios pa\u00edses europeus negaram autoriza\u00e7\u00e3o de entrada no espa\u00e7o a\u00e9reo.<\/p>\n<p>O presidente boliviano viajava de Moscou, onde anunciou que seu governo estava disposto a estudar um eventual pedido de asilo de Snowden.<\/p>\n<p>O governo da \u00c1ustria informou que o t\u00e9cnico de inform\u00e1tica americano Edward Snowden n\u00e3o estava a bordo do avi\u00e3o do presidente boliviano, mas reconheceu que n\u00e3o inspecionou a aeronave.<\/p>\n<p>\u2014 N\u00e3o posso entender que digam que estou retido porque estava levando o senhor Edward Snowden.\u00a0Os Estados Unidos e quase todos os pa\u00edses da Europa t\u00eam servi\u00e7os de intelig\u00eancia e este senhor n\u00e3o \u00e9 uma maleta ou uma mosca que eu posso colocar no avi\u00e3o e levar para a Bol\u00edvia \u2014\u00a0disse.<\/p>\n<p>\u2014 \u00c9 um pretexto para amedrontar, para intimidar, um pretexto para tentar calar a nossa luta contra as pol\u00edticas econ\u00f4micas de saque (&#8230;), de domina\u00e7\u00e3o e de interven\u00e7\u00e3o. Nem a Bol\u00edvia nem o presidente Evo comentem crimes. Somos muito respeitosos com as leis internacionais\u00a0\u2014 acrescentou Morales.<\/p>\n<p><strong>Embaixador da Bol\u00edvia na ONU critica postura dos\u00a0governos europeus<\/strong><b><\/b><\/p>\n<p>O embaixador da Bol\u00edvia na ONU, Sacha Llorenti, considerou o bloqueio do avi\u00e3o do presidente Morales um &#8220;ato de agress\u00e3o&#8221;.<\/p>\n<p>\u2014 N\u00e3o se fez nenhuma concess\u00e3o \u2014\u00a0disse o diplomata, em refer\u00eancia \u00e0 recusa boliviana de permitir uma inspe\u00e7\u00e3o da aeronave para garantir que n\u00e3o transportava Snowden.<\/p>\n<p>\u2014 As vidas do presidente, de sua delega\u00e7\u00e3o e da tripula\u00e7\u00e3o foram colocadas em perigo \u2014\u00a0disse Llorente, que est\u00e1 em Genebra.<\/p>\n<p>Ele tamb\u00e9m citou uma &#8220;viola\u00e7\u00e3o das regras do direito internacional&#8221;.<\/p>\n<p>\u2014 J\u00e1 iniciamos um procedimento para denunciar os fatos ao secret\u00e1rio-geral da ONU \u2014\u00a0disse.<\/p>\n<p>Para a Bol\u00edvia, n\u00e3o h\u00e1 &#8220;nenhuma d\u00favida&#8221; de que &#8220;as ordens vieram dos Estados Unidos&#8221;, destacou.<\/p>\n<p>Snowden est\u00e1 na zona de tr\u00e2nsito do aeroporto de Moscou desde 23 de junho. Ele \u00e9 acusado por Washington de espionagem por ter revelado um amplo programa de vigil\u00e2ncia telef\u00f4nica e na internet.<\/p>\n<p>V\u00e1rios pa\u00edses se recusaram a conceder asilo pol\u00edtico a Edward Snowden. O governo dos Estados Unidos manifestou esperan\u00e7a de que o ex-consultor que prestava servi\u00e7o para a Ag\u00eancia de Seguran\u00e7a Nacional (NSA), acusado de espionagem, retorne ao pa\u00eds para ser julgado.<\/p>\n<p>As revela\u00e7\u00f5es de Snowden sobre o programa secreto dos Estados Unidos para vigiar as comunica\u00e7\u00f5es mundiais provocaram fortes tens\u00f5es entre Washington e v\u00e1rios aliados.<\/p>\n<p><strong>OEA reprova incidente e pede explica\u00e7\u00f5es<\/strong><\/p>\n<p>O secret\u00e1rio-geral da Organiza\u00e7\u00e3o dos Estados Americanos (OEA), Jos\u00e9 Miguel Insulza, expressou irrita\u00e7\u00e3o com a negativa de v\u00e1rios pa\u00edses europeus em permitir o sobrevoo do avi\u00e3o do presidente boliviano, Evo Morales, e exigiu explica\u00e7\u00f5es aos respectivos governos, segundo um comunicado oficial.<\/p>\n<p>Segundo Insulza, &#8220;nada justifica uma a\u00e7\u00e3o de tanto desrespeito pela mais alta autoridade de um pa\u00eds&#8221;, assinala a nota. O chefe da organiza\u00e7\u00e3o regional acrescentou que &#8220;os pa\u00edses envolvidos devem dar uma explica\u00e7\u00e3o das raz\u00f5es pelas quais tomaram esta decis\u00e3o&#8221;, que, a seu ver, &#8220;colocou em risco a vida do presidente de um pa\u00eds membro da OEA&#8221;.<\/p>\n","protected":false},"excerpt":{"rendered":"<p>Presidente boliviano reclamou do tratamento dos pa\u00edses europeus, que fecharam o espa\u00e7o a\u00e9reo por suspeita de que aeronave transportava o fugitivo norte-americano Edward Snowden O avi\u00e3o do presidente boliviano Evo Morales decolou ontem (quarta-feira 03), de Viena, onde teve que fazer uma escala na ter\u00e7a-feira depois que v\u00e1rios pa\u00edses europeus fecharam o espa\u00e7o a\u00e9reo pela suspeita\u00a0\u2014 desmentida por La Paz\u00a0\u2014 de que transportava o fugitivo americano Edward Snowden. \u2014 Isto foi quase como um sequestro de 13 horas que permitiu que os governos de Fran\u00e7a, It\u00e1lia, Portugal e Espanha pudessem revisar um erro hist\u00f3rico\u00a0\u2014 disse o presidente no aeroporto da [&hellip;]<\/p>\n","protected":false},"author":1,"featured_media":1472,"comment_status":"open","ping_status":"open","sticky":false,"template":"","format":"standard","meta":{"_links_to":"","_links_to_target":""},"categories":[8,1],"tags":[],"views":2740,"_links":{"self":[{"href":"https:\/\/www.brazilianpress.com\/v1\/wp-json\/wp\/v2\/posts\/1477"}],"collection":[{"href":"https:\/\/www.brazilianpress.com\/v1\/wp-json\/wp\/v2\/posts"}],"about":[{"href":"https:\/\/www.brazilianpress.com\/v1\/wp-json\/wp\/v2\/types\/post"}],"author":[{"embeddable":true,"href":"https:\/\/www.brazilianpress.com\/v1\/wp-json\/wp\/v2\/users\/1"}],"replies":[{"embeddable":true,"href":"https:\/\/www.brazilianpress.com\/v1\/wp-json\/wp\/v2\/comments?post=1477"}],"version-history":[{"count":1,"href":"https:\/\/www.brazilianpress.com\/v1\/wp-json\/wp\/v2\/posts\/1477\/revisions"}],"predecessor-version":[{"id":1478,"href":"https:\/\/www.brazilianpress.com\/v1\/wp-json\/wp\/v2\/posts\/1477\/revisions\/1478"}],"wp:featuredmedia":[{"embeddable":true,"href":"https:\/\/www.brazilianpress.com\/v1\/wp-json\/wp\/v2\/media\/1472"}],"wp:attachment":[{"href":"https:\/\/www.brazilianpress.com\/v1\/wp-json\/wp\/v2\/media?parent=1477"}],"wp:term":[{"taxonomy":"category","embeddable":true,"href":"https:\/\/www.brazilianpress.com\/v1\/wp-json\/wp\/v2\/categories?post=1477"},{"taxonomy":"post_tag","embeddable":true,"href":"https:\/\/www.brazilianpress.com\/v1\/wp-json\/wp\/v2\/tags?post=1477"}],"curies":[{"name":"wp","href":"https:\/\/api.w.org\/{rel}","templated":true}]}}