{"id":1484,"date":"2013-07-04T07:15:57","date_gmt":"2013-07-04T11:15:57","guid":{"rendered":"http:\/\/www.brazilianpress.com\/v1\/?p=1484"},"modified":"2013-07-04T07:15:57","modified_gmt":"2013-07-04T11:15:57","slug":"forum-do-software-livre-tera-600-horas-de-programacao-no-rs","status":"publish","type":"post","link":"https:\/\/www.brazilianpress.com\/v1\/2013\/07\/04\/forum-do-software-livre-tera-600-horas-de-programacao-no-rs\/","title":{"rendered":"F\u00f3rum do Software Livre ter\u00e1 600 horas de programa\u00e7\u00e3o no RS"},"content":{"rendered":"<p><img loading=\"lazy\" class=\"alignright size-medium wp-image-1485\" alt=\"brasil tecnologia\" src=\"http:\/\/www.brazilianpress.com\/v1\/wp-content\/uploads\/2013\/07\/brasil-tecnologia-300x224.jpg\" width=\"300\" height=\"224\" srcset=\"https:\/\/www.brazilianpress.com\/v1\/wp-content\/uploads\/2013\/07\/brasil-tecnologia-300x224.jpg 300w, https:\/\/www.brazilianpress.com\/v1\/wp-content\/uploads\/2013\/07\/brasil-tecnologia.jpg 407w\" sizes=\"(max-width: 300px) 100vw, 300px\" \/>Porto Alegre recebe a partir desta quarta-feira a 14\u00aa edi\u00e7\u00e3o do F\u00f3rum Internacional Software Livre (fisl14), o maior encontro de comunidades de software livre da Am\u00e9rica Latina. O evento, que vai at\u00e9 s\u00e1bado, ter\u00e1 mais de 600 horas de programa\u00e7\u00e3o.<\/p>\n<p>A F\u00f3rum ter\u00e1 cerca de 700 palestrantes e aproximadamente 50 oficinas no Centro de Eventos da Pontif\u00edcia Universidade Cat\u00f3lica do Rio Grande do Sul (PUCRS). Grandes nomes do movimento Software Livre j\u00e1 confirmaram presen\u00e7a: o ativista e fundador do movimento, Richard Stallman; o diretor executivo da Linux Internacional, Jon &#8220;Maddog&#8221; Hall; o hacker e pioneiro no trabalho com Realidade Virtual, Mitch Altman; al\u00e9m das desenvolvedoras Valerie Aurora e Luciana Fujii, e do educador Nelson Pretto.\u00a0<!--more--><\/p>\n<p>Em homenagem ao hacker e ativista Aaron Swartz, as discuss\u00f5es e atividades em torno das tem\u00e1ticas de cultura e internet livre, compartilhamento, copyleft, creative commons, transpar\u00eancia e hacktivismo ser\u00e3o agrupadas em uma trilha com seu nome. O jovem virou s\u00edmbolo da luta em prol do compartilhamento ap\u00f3s cometer suic\u00eddio, no in\u00edcio deste ano, enquanto era processado por pirataria pelo Instituto de Tecnologia de Massachussets (MIT).<\/p>\n","protected":false},"excerpt":{"rendered":"<p>Porto Alegre recebe a partir desta quarta-feira a 14\u00aa edi\u00e7\u00e3o do F\u00f3rum Internacional Software Livre (fisl14), o maior encontro de comunidades de software livre da Am\u00e9rica Latina. O evento, que vai at\u00e9 s\u00e1bado, ter\u00e1 mais de 600 horas de programa\u00e7\u00e3o. A F\u00f3rum ter\u00e1 cerca de 700 palestrantes e aproximadamente 50 oficinas no Centro de Eventos da Pontif\u00edcia Universidade Cat\u00f3lica do Rio Grande do Sul (PUCRS). Grandes nomes do movimento Software Livre j\u00e1 confirmaram presen\u00e7a: o ativista e fundador do movimento, Richard Stallman; o diretor executivo da Linux Internacional, Jon &#8220;Maddog&#8221; Hall; o hacker e pioneiro no trabalho com Realidade Virtual, [&hellip;]<\/p>\n","protected":false},"author":1,"featured_media":1485,"comment_status":"open","ping_status":"open","sticky":false,"template":"","format":"standard","meta":{"_links_to":"","_links_to_target":""},"categories":[7,1],"tags":[],"views":2301,"_links":{"self":[{"href":"https:\/\/www.brazilianpress.com\/v1\/wp-json\/wp\/v2\/posts\/1484"}],"collection":[{"href":"https:\/\/www.brazilianpress.com\/v1\/wp-json\/wp\/v2\/posts"}],"about":[{"href":"https:\/\/www.brazilianpress.com\/v1\/wp-json\/wp\/v2\/types\/post"}],"author":[{"embeddable":true,"href":"https:\/\/www.brazilianpress.com\/v1\/wp-json\/wp\/v2\/users\/1"}],"replies":[{"embeddable":true,"href":"https:\/\/www.brazilianpress.com\/v1\/wp-json\/wp\/v2\/comments?post=1484"}],"version-history":[{"count":1,"href":"https:\/\/www.brazilianpress.com\/v1\/wp-json\/wp\/v2\/posts\/1484\/revisions"}],"predecessor-version":[{"id":1487,"href":"https:\/\/www.brazilianpress.com\/v1\/wp-json\/wp\/v2\/posts\/1484\/revisions\/1487"}],"wp:featuredmedia":[{"embeddable":true,"href":"https:\/\/www.brazilianpress.com\/v1\/wp-json\/wp\/v2\/media\/1485"}],"wp:attachment":[{"href":"https:\/\/www.brazilianpress.com\/v1\/wp-json\/wp\/v2\/media?parent=1484"}],"wp:term":[{"taxonomy":"category","embeddable":true,"href":"https:\/\/www.brazilianpress.com\/v1\/wp-json\/wp\/v2\/categories?post=1484"},{"taxonomy":"post_tag","embeddable":true,"href":"https:\/\/www.brazilianpress.com\/v1\/wp-json\/wp\/v2\/tags?post=1484"}],"curies":[{"name":"wp","href":"https:\/\/api.w.org\/{rel}","templated":true}]}}