{"id":1489,"date":"2013-07-04T07:17:02","date_gmt":"2013-07-04T11:17:02","guid":{"rendered":"http:\/\/www.brazilianpress.com\/v1\/?p=1489"},"modified":"2013-07-04T10:22:50","modified_gmt":"2013-07-04T14:22:50","slug":"petrobras-registra-recorde-de-processamento-em-suas-refinarias","status":"publish","type":"post","link":"https:\/\/www.brazilianpress.com\/v1\/2013\/07\/04\/petrobras-registra-recorde-de-processamento-em-suas-refinarias\/","title":{"rendered":"Petrobras registra recorde de processamento em suas refinarias"},"content":{"rendered":"<p>A Petrobras informou nesta ter\u00e7a-feira (2) que nos dias 29 e 30 de junho atingiu novo recorde de processamento em suas refinarias, segundo comunicado ao mercado.<\/p>\n<p><img loading=\"lazy\" class=\"alignnone size-full wp-image-1486\" alt=\"petrobras\" src=\"http:\/\/www.brazilianpress.com\/v1\/wp-content\/uploads\/2013\/07\/petrobras.jpg\" width=\"500\" height=\"373\" srcset=\"https:\/\/www.brazilianpress.com\/v1\/wp-content\/uploads\/2013\/07\/petrobras.jpg 500w, https:\/\/www.brazilianpress.com\/v1\/wp-content\/uploads\/2013\/07\/petrobras-300x223.jpg 300w\" sizes=\"(max-width: 500px) 100vw, 500px\" \/><\/p>\n<p>A empresa disse que o volume processado foi de 2,2 milh\u00f5es de barris\/dia, alta de 30 mil barris ante recorde anterior, de 26 de maio deste ano.<!--more--><\/p>\n<p>&#8220;Este desempenho vem contribuindo para a redu\u00e7\u00e3o das importa\u00e7\u00f5es de derivados e \u00e9 reflexo da elevada efici\u00eancia operacional das nossas refinarias e da gest\u00e3o integrada do sistema de abastecimento da Petrobras&#8221;, disse a companhia.<\/p>\n","protected":false},"excerpt":{"rendered":"<p>A Petrobras informou nesta ter\u00e7a-feira (2) que nos dias 29 e 30 de junho atingiu novo recorde de processamento em suas refinarias, segundo comunicado ao mercado. A empresa disse que o volume processado foi de 2,2 milh\u00f5es de barris\/dia, alta de 30 mil barris ante recorde anterior, de 26 de maio deste ano.<\/p>\n","protected":false},"author":1,"featured_media":1486,"comment_status":"open","ping_status":"open","sticky":false,"template":"","format":"standard","meta":{"_links_to":"","_links_to_target":""},"categories":[7,1],"tags":[],"views":2417,"_links":{"self":[{"href":"https:\/\/www.brazilianpress.com\/v1\/wp-json\/wp\/v2\/posts\/1489"}],"collection":[{"href":"https:\/\/www.brazilianpress.com\/v1\/wp-json\/wp\/v2\/posts"}],"about":[{"href":"https:\/\/www.brazilianpress.com\/v1\/wp-json\/wp\/v2\/types\/post"}],"author":[{"embeddable":true,"href":"https:\/\/www.brazilianpress.com\/v1\/wp-json\/wp\/v2\/users\/1"}],"replies":[{"embeddable":true,"href":"https:\/\/www.brazilianpress.com\/v1\/wp-json\/wp\/v2\/comments?post=1489"}],"version-history":[{"count":2,"href":"https:\/\/www.brazilianpress.com\/v1\/wp-json\/wp\/v2\/posts\/1489\/revisions"}],"predecessor-version":[{"id":1536,"href":"https:\/\/www.brazilianpress.com\/v1\/wp-json\/wp\/v2\/posts\/1489\/revisions\/1536"}],"wp:featuredmedia":[{"embeddable":true,"href":"https:\/\/www.brazilianpress.com\/v1\/wp-json\/wp\/v2\/media\/1486"}],"wp:attachment":[{"href":"https:\/\/www.brazilianpress.com\/v1\/wp-json\/wp\/v2\/media?parent=1489"}],"wp:term":[{"taxonomy":"category","embeddable":true,"href":"https:\/\/www.brazilianpress.com\/v1\/wp-json\/wp\/v2\/categories?post=1489"},{"taxonomy":"post_tag","embeddable":true,"href":"https:\/\/www.brazilianpress.com\/v1\/wp-json\/wp\/v2\/tags?post=1489"}],"curies":[{"name":"wp","href":"https:\/\/api.w.org\/{rel}","templated":true}]}}