{"id":1508,"date":"2013-07-04T09:58:00","date_gmt":"2013-07-04T13:58:00","guid":{"rendered":"http:\/\/www.brazilianpress.com\/v1\/?p=1508"},"modified":"2013-07-04T09:58:52","modified_gmt":"2013-07-04T13:58:52","slug":"novos-horizontes-do-cinema-latino-e-foco-do-festival-latinbeat-no-lincoln-center","status":"publish","type":"post","link":"https:\/\/www.brazilianpress.com\/v1\/2013\/07\/04\/novos-horizontes-do-cinema-latino-e-foco-do-festival-latinbeat-no-lincoln-center\/","title":{"rendered":"Novos Horizontes do Cinema Latino \u00e9 Foco do Festival LatinBeat no Lincoln Center"},"content":{"rendered":"<p><i><span style=\"text-decoration: underline;\">Roger Costa<\/span><\/i>&#8211; A organiza\u00e7\u00e3o Film Society of Lincoln Center dedicar\u00e1 10 dias para introduzir a cidade de New York e aos amantes do Cinema Latino, o Festival Latinbeat 2013, com sua abertura oficial programada para pr\u00f3xima sexta-feira, 12 de julho com a exibi\u00e7\u00e3o do longa-metragem argentino \u201cLa Paz\u201d do cultuado diretor Santiago Loza, que vem sendo figura presente no Festival desde 2000, e atua como membro influente da cena art\u00edstica independente em Buenos Aires.<\/p>\n<p><img loading=\"lazy\" class=\"alignnone size-full wp-image-1510\" alt=\"latinbeat 2013 (2)\" src=\"http:\/\/www.brazilianpress.com\/v1\/wp-content\/uploads\/2013\/07\/latinbeat-2013-2.jpg\" width=\"500\" height=\"305\" srcset=\"https:\/\/www.brazilianpress.com\/v1\/wp-content\/uploads\/2013\/07\/latinbeat-2013-2.jpg 500w, https:\/\/www.brazilianpress.com\/v1\/wp-content\/uploads\/2013\/07\/latinbeat-2013-2-300x183.jpg 300w\" sizes=\"(max-width: 500px) 100vw, 500px\" \/><\/p>\n<p>Entre as atra\u00e7\u00f5es este ano, uma retrospectiva dos filmes de Matias Pi\u00f1eiro, que antecedem duas estreias norte-americanas, a anima\u00e7\u00e3o \u201cAnina\u201d baseado no livro \u2018Anina Yatay Salas\u2019 publicado em 2003, o thriller de a\u00e7\u00e3o \u201cBring Me the Head of the Machine Gun Woman\u201d de Ernesto Diaz Espinoza, \u201cMagical Words\u201d uma perspectiva pessoal de Mercedes Moncada sobre a revolu\u00e7\u00e3o na Nicar\u00e1gua e \u201cThe Future\u201d adapta\u00e7\u00e3o liter\u00e1ria de Roberto Bola\u00f1o estrelando Rutger Hauer.<!--more--><\/p>\n<p>O Brasil \u00e9 representado com dois t\u00edtulos, \u201cTanta \u00c1gua\u201d co-dirigido por Let\u00edcia Jorge, sobre as aventuras de uma adolescente durante as f\u00e9rias com o pai, e \u201cAvanti Popolo\u201d de Michael Warhmann que usa a Ditadura Militar como pano de fundo, onde o consagrado cineasta Carlos Reichenbach (recentemente falecido), interpreta um pai tentando reconectar-se com o filho desaparecido a mais de 30 anos atrav\u00e9s de uma pesquisa hist\u00f3rica feita com imagens e m\u00fasicas.<\/p>\n<p><img loading=\"lazy\" class=\"alignright size-full wp-image-1509\" alt=\"latinbeat 2013 (1)\" src=\"http:\/\/www.brazilianpress.com\/v1\/wp-content\/uploads\/2013\/07\/latinbeat-2013-1.jpg\" width=\"200\" height=\"200\" srcset=\"https:\/\/www.brazilianpress.com\/v1\/wp-content\/uploads\/2013\/07\/latinbeat-2013-1.jpg 200w, https:\/\/www.brazilianpress.com\/v1\/wp-content\/uploads\/2013\/07\/latinbeat-2013-1-150x150.jpg 150w\" sizes=\"(max-width: 200px) 100vw, 200px\" \/>De 12 \u00e0 21 de julho, o Festival apresentar\u00e1 trabalhos recentes de pa\u00edses latinos como Chile, Argentina, Uruguay, Colombia, M\u00e9xico e Brasil, oferecendo um vasto estudo sobre a cultura latina em abordagens pol\u00edtico-sociais, com\u00e9dias, filmes de a\u00e7\u00e3o e tamb\u00e9m obras de alta qualidade dram\u00e1tica. Ingressos $13 ou pacote especial de 3 filmes por $30. Todos os diretores e alguns Astros estar\u00e3o presentes para discutir com a plat\u00e9ia seus respectivos trabalhos. A Film Society of Lincoln Center fica localizada no 144W 65<sup>th<\/sup> Street, na Broadway em Manhattan, e conta com um restaurante em suas instala\u00e7\u00f5es para melhor servir seus clientes. Visite \u00a0<a href=\"http:\/\/www.filmlinc.com\">www.filmlinc.com<\/a> \u00a0para programa\u00e7\u00e3o completa.<\/p>\n","protected":false},"excerpt":{"rendered":"<p>Roger Costa&#8211; A organiza\u00e7\u00e3o Film Society of Lincoln Center dedicar\u00e1 10 dias para introduzir a cidade de New York e aos amantes do Cinema Latino, o Festival Latinbeat 2013, com sua abertura oficial programada para pr\u00f3xima sexta-feira, 12 de julho com a exibi\u00e7\u00e3o do longa-metragem argentino \u201cLa Paz\u201d do cultuado diretor Santiago Loza, que vem sendo figura presente no Festival desde 2000, e atua como membro influente da cena art\u00edstica independente em Buenos Aires. Entre as atra\u00e7\u00f5es este ano, uma retrospectiva dos filmes de Matias Pi\u00f1eiro, que antecedem duas estreias norte-americanas, a anima\u00e7\u00e3o \u201cAnina\u201d baseado no livro \u2018Anina Yatay Salas\u2019 [&hellip;]<\/p>\n","protected":false},"author":1,"featured_media":1510,"comment_status":"open","ping_status":"open","sticky":false,"template":"","format":"standard","meta":{"_links_to":"","_links_to_target":""},"categories":[4,1],"tags":[],"views":3098,"_links":{"self":[{"href":"https:\/\/www.brazilianpress.com\/v1\/wp-json\/wp\/v2\/posts\/1508"}],"collection":[{"href":"https:\/\/www.brazilianpress.com\/v1\/wp-json\/wp\/v2\/posts"}],"about":[{"href":"https:\/\/www.brazilianpress.com\/v1\/wp-json\/wp\/v2\/types\/post"}],"author":[{"embeddable":true,"href":"https:\/\/www.brazilianpress.com\/v1\/wp-json\/wp\/v2\/users\/1"}],"replies":[{"embeddable":true,"href":"https:\/\/www.brazilianpress.com\/v1\/wp-json\/wp\/v2\/comments?post=1508"}],"version-history":[{"count":2,"href":"https:\/\/www.brazilianpress.com\/v1\/wp-json\/wp\/v2\/posts\/1508\/revisions"}],"predecessor-version":[{"id":1513,"href":"https:\/\/www.brazilianpress.com\/v1\/wp-json\/wp\/v2\/posts\/1508\/revisions\/1513"}],"wp:featuredmedia":[{"embeddable":true,"href":"https:\/\/www.brazilianpress.com\/v1\/wp-json\/wp\/v2\/media\/1510"}],"wp:attachment":[{"href":"https:\/\/www.brazilianpress.com\/v1\/wp-json\/wp\/v2\/media?parent=1508"}],"wp:term":[{"taxonomy":"category","embeddable":true,"href":"https:\/\/www.brazilianpress.com\/v1\/wp-json\/wp\/v2\/categories?post=1508"},{"taxonomy":"post_tag","embeddable":true,"href":"https:\/\/www.brazilianpress.com\/v1\/wp-json\/wp\/v2\/tags?post=1508"}],"curies":[{"name":"wp","href":"https:\/\/api.w.org\/{rel}","templated":true}]}}