{"id":1514,"date":"2013-07-04T10:02:55","date_gmt":"2013-07-04T14:02:55","guid":{"rendered":"http:\/\/www.brazilianpress.com\/v1\/?p=1514"},"modified":"2013-07-04T10:02:55","modified_gmt":"2013-07-04T14:02:55","slug":"summer-stage-apresenta-festival-de-musica-latina-alternativa-no-central-park","status":"publish","type":"post","link":"https:\/\/www.brazilianpress.com\/v1\/2013\/07\/04\/summer-stage-apresenta-festival-de-musica-latina-alternativa-no-central-park\/","title":{"rendered":"Summer Stage Apresenta Festival de M\u00fasica Latina Alternativa no Central Park"},"content":{"rendered":"<p><b><i>Roger Costa-<\/i><\/b> Projeto da City Park Foundation em parceria com a Cidade de New York, o Summer Stage \u00e9 a principal atra\u00e7\u00e3o dos agitos culturais do Ver\u00e3o. Espalhado por v\u00e1rios pontos da Big Apple, a grande concentra\u00e7\u00e3o \u00e9 no Central Park, onde a paisagem al\u00e9m de convidativa, \u00e9 ambiente ideal para desfrutar melhor as altas temperaturas da esta\u00e7\u00e3o.<\/p>\n<p><img loading=\"lazy\" class=\"alignnone size-full wp-image-1515\" alt=\"summer stage central park 2013 (1)\" src=\"http:\/\/www.brazilianpress.com\/v1\/wp-content\/uploads\/2013\/07\/summer-stage-central-park-2013-1.jpg\" width=\"500\" height=\"256\" srcset=\"https:\/\/www.brazilianpress.com\/v1\/wp-content\/uploads\/2013\/07\/summer-stage-central-park-2013-1.jpg 500w, https:\/\/www.brazilianpress.com\/v1\/wp-content\/uploads\/2013\/07\/summer-stage-central-park-2013-1-300x153.jpg 300w\" sizes=\"(max-width: 500px) 100vw, 500px\" \/><\/p>\n<p>A organiza\u00e7\u00e3o anuncia o Festival de M\u00fasica Latina Alternativa, que ter\u00e1 inicio pr\u00f3xima quarta, 10 de julho \u00e0s 7pm, onde o consagrado rapper Fat Joe, indicado duas vezes ao Grammy, divide o palco com os Venezuelanos Cuarto Poder, e a banda Los Rakas, o novo som de m\u00fasica urbana Latina.<!--more--><\/p>\n<p><img loading=\"lazy\" class=\"alignright size-medium wp-image-1516\" alt=\"summer stage central park 2013 (2)\" src=\"http:\/\/www.brazilianpress.com\/v1\/wp-content\/uploads\/2013\/07\/summer-stage-central-park-2013-2-300x300.jpg\" width=\"300\" height=\"300\" srcset=\"https:\/\/www.brazilianpress.com\/v1\/wp-content\/uploads\/2013\/07\/summer-stage-central-park-2013-2-300x300.jpg 300w, https:\/\/www.brazilianpress.com\/v1\/wp-content\/uploads\/2013\/07\/summer-stage-central-park-2013-2-150x150.jpg 150w, https:\/\/www.brazilianpress.com\/v1\/wp-content\/uploads\/2013\/07\/summer-stage-central-park-2013-2.jpg 500w\" sizes=\"(max-width: 300px) 100vw, 300px\" \/>Na quinta-feira, a partir das 6pm, o espet\u00e1culo toma formas de jazz e soul com ra\u00edzes africanas, com a presen\u00e7a da Mexicana Lila Downs, conhecida por suas can\u00e7\u00f5es que abordam temas sociais, como pol\u00edtica e imigra\u00e7\u00e3o, a argentina Natalia Clavier com o repert\u00f3rio de seu novo \u00e1lbum solo \u201cLumen\u201d, o estilo de Indie Pop da peruana Pamela Rodriguez, indicada ao Grammy como Best New Artist em 2006, e Raul Campos para finalizar com um som ecl\u00e9tico e underground. No s\u00e1bado, come\u00e7ando \u00e0s 3pm, \u00e9 a vez da sensacional Julieta Venegas mostrar seu encanto como int\u00e9rprete, compositora e instrumentista, com repert\u00f3rio de seu novo \u00e1lbum, \u201cMoments\u201d, num show que promete ser um dos melhores do ano. Ao lado dela, Carla Morrison traz sua batida Pop alternativa, e a dance music com letras rom\u00e2nticas de Alex Anwandter. A entrada \u00e9 gratuita para todos os dias. Summer Stage Central Park, E. 72<sup>nd <\/sup>Street 5<sup>th<\/sup> Avenue. Visite <a href=\"http:\/\/www.summerstage.org\">www.summerstage.org<\/a>.<\/p>\n","protected":false},"excerpt":{"rendered":"<p>Roger Costa- Projeto da City Park Foundation em parceria com a Cidade de New York, o Summer Stage \u00e9 a principal atra\u00e7\u00e3o dos agitos culturais do Ver\u00e3o. Espalhado por v\u00e1rios pontos da Big Apple, a grande concentra\u00e7\u00e3o \u00e9 no Central Park, onde a paisagem al\u00e9m de convidativa, \u00e9 ambiente ideal para desfrutar melhor as altas temperaturas da esta\u00e7\u00e3o. A organiza\u00e7\u00e3o anuncia o Festival de M\u00fasica Latina Alternativa, que ter\u00e1 inicio pr\u00f3xima quarta, 10 de julho \u00e0s 7pm, onde o consagrado rapper Fat Joe, indicado duas vezes ao Grammy, divide o palco com os Venezuelanos Cuarto Poder, e a banda Los [&hellip;]<\/p>\n","protected":false},"author":1,"featured_media":1515,"comment_status":"open","ping_status":"open","sticky":false,"template":"","format":"standard","meta":{"_links_to":"","_links_to_target":""},"categories":[4,1],"tags":[],"views":2966,"_links":{"self":[{"href":"https:\/\/www.brazilianpress.com\/v1\/wp-json\/wp\/v2\/posts\/1514"}],"collection":[{"href":"https:\/\/www.brazilianpress.com\/v1\/wp-json\/wp\/v2\/posts"}],"about":[{"href":"https:\/\/www.brazilianpress.com\/v1\/wp-json\/wp\/v2\/types\/post"}],"author":[{"embeddable":true,"href":"https:\/\/www.brazilianpress.com\/v1\/wp-json\/wp\/v2\/users\/1"}],"replies":[{"embeddable":true,"href":"https:\/\/www.brazilianpress.com\/v1\/wp-json\/wp\/v2\/comments?post=1514"}],"version-history":[{"count":2,"href":"https:\/\/www.brazilianpress.com\/v1\/wp-json\/wp\/v2\/posts\/1514\/revisions"}],"predecessor-version":[{"id":1519,"href":"https:\/\/www.brazilianpress.com\/v1\/wp-json\/wp\/v2\/posts\/1514\/revisions\/1519"}],"wp:featuredmedia":[{"embeddable":true,"href":"https:\/\/www.brazilianpress.com\/v1\/wp-json\/wp\/v2\/media\/1515"}],"wp:attachment":[{"href":"https:\/\/www.brazilianpress.com\/v1\/wp-json\/wp\/v2\/media?parent=1514"}],"wp:term":[{"taxonomy":"category","embeddable":true,"href":"https:\/\/www.brazilianpress.com\/v1\/wp-json\/wp\/v2\/categories?post=1514"},{"taxonomy":"post_tag","embeddable":true,"href":"https:\/\/www.brazilianpress.com\/v1\/wp-json\/wp\/v2\/tags?post=1514"}],"curies":[{"name":"wp","href":"https:\/\/api.w.org\/{rel}","templated":true}]}}