{"id":1520,"date":"2013-07-04T10:12:39","date_gmt":"2013-07-04T14:12:39","guid":{"rendered":"http:\/\/www.brazilianpress.com\/v1\/?p=1520"},"modified":"2013-07-04T10:12:39","modified_gmt":"2013-07-04T14:12:39","slug":"homem-sentenciado-a-8-anos-de-prisao-por-espancar-primo-ate-a-morte","status":"publish","type":"post","link":"https:\/\/www.brazilianpress.com\/v1\/2013\/07\/04\/homem-sentenciado-a-8-anos-de-prisao-por-espancar-primo-ate-a-morte\/","title":{"rendered":"Homem sentenciado a 8 anos de pris\u00e3o por espancar primo at\u00e9 a morte"},"content":{"rendered":"<p><b><i><img loading=\"lazy\" class=\"alignright size-full wp-image-1523\" alt=\"preso nj\" src=\"http:\/\/www.brazilianpress.com\/v1\/wp-content\/uploads\/2013\/07\/preso-nj.jpg\" width=\"300\" height=\"233\" \/>Junior Schutt<\/i><\/b>&#8211; Durante a audi\u00eancia em corte na tarde de ter\u00e7a-feira passada, familiares e amigos da v\u00edtima e tamb\u00e9m do assassino, lotaram a casa de Justi\u00e7a em Jersey City, e os prantos podiam ser escutados a metros de dist\u00e2ncia. Adonis M. Bell, de 31 anos, residente em Jersey City\u00a0 foi sentenciado a cumprir 8 anos em pris\u00e3o estadual pelo assassinato de seu primo ocorrido no ano passado.<!--more--><\/p>\n<p>Adonis e a v\u00edtima Jackie Benekin, que faleceu aos 23 anos de idade, iniciaram uma discuss\u00e3o dentro do Candlelight Bar na noite de 17 de novembro, o que levou a uma disputa f\u00edsica nas imedia\u00e7\u00f5es do estacionamento de uma escola da regi\u00e3o. A disputa foi t\u00e3o violenta que resultou na morte de Benekin, encontrado inconsciente pelos policiais na School 40 localizada na Gates Avenue, e encaminhado para o Hospital onde faleceu 4 dias depois por traumatismo craniano devido as graves les\u00f5es, de acordo com o Assistente do Procurador de Hudson County, Gene Rubino.<\/p>\n<p>Durante a audi\u00eancia na corte, o Juiz John Young notou que os dois n\u00e3o s\u00f3 eram primos, como tamb\u00e9m melhores amigos, companheiros e insepar\u00e1veis por longa data. Bell foi preso em janeiro passado, e declarou-se culpado das acusa\u00e7\u00f5es de assassinato em segundo grau, no \u00faltimo dia 9 de Abril em frente ao Juiz Young. \u201cIsso \u00e9 a consequ\u00eancia real que acontece como resultado de viol\u00eancia f\u00edsica, simplesmente uma trag\u00e9dia terr\u00edvel\u201d, disse o Juiz, enquanto lia a senten\u00e7a. Quando o Juiz perguntou ao acusado se ele tinha algo a declarar, ele olhou para os familiares, divididos entre a v\u00edtima e o assassino, aparentemente cheio de remorso, e desculpou-se com l\u00e1grimas nos olhos, ato que n\u00e3o \u00e9 suficiente para justificar sua a\u00e7\u00e3o criminosa.<\/p>\n","protected":false},"excerpt":{"rendered":"<p>Junior Schutt&#8211; Durante a audi\u00eancia em corte na tarde de ter\u00e7a-feira passada, familiares e amigos da v\u00edtima e tamb\u00e9m do assassino, lotaram a casa de Justi\u00e7a em Jersey City, e os prantos podiam ser escutados a metros de dist\u00e2ncia. Adonis M. Bell, de 31 anos, residente em Jersey City\u00a0 foi sentenciado a cumprir 8 anos em pris\u00e3o estadual pelo assassinato de seu primo ocorrido no ano passado.<\/p>\n","protected":false},"author":1,"featured_media":1523,"comment_status":"open","ping_status":"open","sticky":false,"template":"","format":"standard","meta":{"_links_to":"","_links_to_target":""},"categories":[4,1],"tags":[],"views":2392,"_links":{"self":[{"href":"https:\/\/www.brazilianpress.com\/v1\/wp-json\/wp\/v2\/posts\/1520"}],"collection":[{"href":"https:\/\/www.brazilianpress.com\/v1\/wp-json\/wp\/v2\/posts"}],"about":[{"href":"https:\/\/www.brazilianpress.com\/v1\/wp-json\/wp\/v2\/types\/post"}],"author":[{"embeddable":true,"href":"https:\/\/www.brazilianpress.com\/v1\/wp-json\/wp\/v2\/users\/1"}],"replies":[{"embeddable":true,"href":"https:\/\/www.brazilianpress.com\/v1\/wp-json\/wp\/v2\/comments?post=1520"}],"version-history":[{"count":3,"href":"https:\/\/www.brazilianpress.com\/v1\/wp-json\/wp\/v2\/posts\/1520\/revisions"}],"predecessor-version":[{"id":1527,"href":"https:\/\/www.brazilianpress.com\/v1\/wp-json\/wp\/v2\/posts\/1520\/revisions\/1527"}],"wp:featuredmedia":[{"embeddable":true,"href":"https:\/\/www.brazilianpress.com\/v1\/wp-json\/wp\/v2\/media\/1523"}],"wp:attachment":[{"href":"https:\/\/www.brazilianpress.com\/v1\/wp-json\/wp\/v2\/media?parent=1520"}],"wp:term":[{"taxonomy":"category","embeddable":true,"href":"https:\/\/www.brazilianpress.com\/v1\/wp-json\/wp\/v2\/categories?post=1520"},{"taxonomy":"post_tag","embeddable":true,"href":"https:\/\/www.brazilianpress.com\/v1\/wp-json\/wp\/v2\/tags?post=1520"}],"curies":[{"name":"wp","href":"https:\/\/api.w.org\/{rel}","templated":true}]}}