{"id":1528,"date":"2013-07-04T10:17:15","date_gmt":"2013-07-04T14:17:15","guid":{"rendered":"http:\/\/www.brazilianpress.com\/v1\/?p=1528"},"modified":"2013-07-04T10:17:15","modified_gmt":"2013-07-04T14:17:15","slug":"festuris-o-festival-do-turismo-de-gramado-tera-a-edicao-de-25-anos-em-2013","status":"publish","type":"post","link":"https:\/\/www.brazilianpress.com\/v1\/2013\/07\/04\/festuris-o-festival-do-turismo-de-gramado-tera-a-edicao-de-25-anos-em-2013\/","title":{"rendered":"Festuris: O Festival do Turismo de Gramado tera a edicao de 25 anos em 2013"},"content":{"rendered":"<p>O Festival do Turismo de Gramado conquistou a maioridade e, ao chegar a sua 25\u00aa edi\u00e7\u00e3o, abre os bra\u00e7os para o mercado internacional. Considerada a feira de neg\u00f3cios de resultados mais efetivos para o trade na America Latina, durante dois dias de intensa atividade cerca de 14 mil profissionais circulam pelos mais de 17 mil metros quadrados do Serra Park na cidade turistica de Gramado no Rio Grande do Sul. Em um ambiente prop\u00edcio para grandes parcerias comerciais, aproximadamente 2.600 expositores ficam distribu\u00eddos em 350 estandes. A 25\u00aa edi\u00e7\u00e3o se realizar\u00e1 de 7 a 10 de novembro.<!--more--><\/p>\n<p><img loading=\"lazy\" class=\"alignnone size-full wp-image-1524\" alt=\"silvio souza tam\" src=\"http:\/\/www.brazilianpress.com\/v1\/wp-content\/uploads\/2013\/07\/silvio-souza-tam.jpg\" width=\"500\" height=\"331\" srcset=\"https:\/\/www.brazilianpress.com\/v1\/wp-content\/uploads\/2013\/07\/silvio-souza-tam.jpg 500w, https:\/\/www.brazilianpress.com\/v1\/wp-content\/uploads\/2013\/07\/silvio-souza-tam-300x198.jpg 300w\" sizes=\"(max-width: 500px) 100vw, 500px\" \/><\/p>\n<p>O turismo sustent\u00e1vel \u00e9 uma das principais tend\u00eancias de um setor com elevada participa\u00e7\u00e3o no Produto Interno Bruto (PIB) dos pa\u00edses e alto n\u00edvel de empregabilidade. Temas como meio ambiente e sustentabilidade t\u00eam sido a pauta de f\u00f3runs de discuss\u00e3o, semin\u00e1rios internacionais e t\u00eam ocupado espa\u00e7os nos meios de comunica\u00e7\u00e3o no Brasil e no mundo. Recentemente, foi um dos temas priorit\u00e1rios durante o Rio+20 e teve destaque no Dia Mundial do Turismo de 2012, com o t\u00edtulo \u201cTurismo e a Sustentabilidade Energ\u00e9tica\u201d. A OMT defende a promo\u00e7\u00e3o do turismo respons\u00e1vel, sustent\u00e1vel e acess\u00edvel a todos.<\/p>\n<p>A empresa Marta Rossi &amp; Silvia Zorzanello \u2013 Feiras e Empreendimentos, promotora do Festival do Turismo de Gramado, no Rio Grande do Sul, promotora do Festuris, comemora uma chancela in\u00e9dita no mercado internacional: \u00e9 a primeira empresa brasileira de eventos certificada na Organiza\u00e7\u00e3o Mundial do Turismo (OMT), ag\u00eancia das Na\u00e7\u00f5es Unidas composta por membros de 155 pa\u00edses.<\/p>\n<p>Visando potencializar a internacionaliza\u00e7\u00e3o, a aproxima\u00e7\u00e3o com o mercado da Am\u00e9rica do Norte est\u00e1 cada vez mais fortalecida atrav\u00e9s de destinos que estar\u00e3o presentes no Festuris em 2013, como Miami e Chicago, al\u00e9m de diversas empresas que s\u00e3o especializadas em produtos norte-americanos. Al\u00e9m disso, a diretora do Festival do Turismo de Gramado Marta Rossi, e o consultor financeiro, S\u00e9rgio Prade, estiveram representando o evento na International Pow Wow 2013, que ocorreu em Las Vegas, nos Estados Unidos, de 8 a 12 de junho.<\/p>\n<p>Com este novo foco do Festuris, o evento tem agora um excelente representante na Am\u00e9rica do Norte, trata-se de Walter Comassetto. Com larga experi\u00eancia em companhias a\u00e9reas e no setor tur\u00edstico em geral, Comassetto levar\u00e1 as novidades do Festival do Turismo para o Canad\u00e1, Estados Unidos e M\u00e9xico.<\/p>\n","protected":false},"excerpt":{"rendered":"<p>O Festival do Turismo de Gramado conquistou a maioridade e, ao chegar a sua 25\u00aa edi\u00e7\u00e3o, abre os bra\u00e7os para o mercado internacional. Considerada a feira de neg\u00f3cios de resultados mais efetivos para o trade na America Latina, durante dois dias de intensa atividade cerca de 14 mil profissionais circulam pelos mais de 17 mil metros quadrados do Serra Park na cidade turistica de Gramado no Rio Grande do Sul. Em um ambiente prop\u00edcio para grandes parcerias comerciais, aproximadamente 2.600 expositores ficam distribu\u00eddos em 350 estandes. A 25\u00aa edi\u00e7\u00e3o se realizar\u00e1 de 7 a 10 de novembro.<\/p>\n","protected":false},"author":1,"featured_media":1529,"comment_status":"open","ping_status":"open","sticky":false,"template":"","format":"standard","meta":{"_links_to":"","_links_to_target":""},"categories":[4,1],"tags":[],"views":2752,"_links":{"self":[{"href":"https:\/\/www.brazilianpress.com\/v1\/wp-json\/wp\/v2\/posts\/1528"}],"collection":[{"href":"https:\/\/www.brazilianpress.com\/v1\/wp-json\/wp\/v2\/posts"}],"about":[{"href":"https:\/\/www.brazilianpress.com\/v1\/wp-json\/wp\/v2\/types\/post"}],"author":[{"embeddable":true,"href":"https:\/\/www.brazilianpress.com\/v1\/wp-json\/wp\/v2\/users\/1"}],"replies":[{"embeddable":true,"href":"https:\/\/www.brazilianpress.com\/v1\/wp-json\/wp\/v2\/comments?post=1528"}],"version-history":[{"count":1,"href":"https:\/\/www.brazilianpress.com\/v1\/wp-json\/wp\/v2\/posts\/1528\/revisions"}],"predecessor-version":[{"id":1530,"href":"https:\/\/www.brazilianpress.com\/v1\/wp-json\/wp\/v2\/posts\/1528\/revisions\/1530"}],"wp:featuredmedia":[{"embeddable":true,"href":"https:\/\/www.brazilianpress.com\/v1\/wp-json\/wp\/v2\/media\/1529"}],"wp:attachment":[{"href":"https:\/\/www.brazilianpress.com\/v1\/wp-json\/wp\/v2\/media?parent=1528"}],"wp:term":[{"taxonomy":"category","embeddable":true,"href":"https:\/\/www.brazilianpress.com\/v1\/wp-json\/wp\/v2\/categories?post=1528"},{"taxonomy":"post_tag","embeddable":true,"href":"https:\/\/www.brazilianpress.com\/v1\/wp-json\/wp\/v2\/tags?post=1528"}],"curies":[{"name":"wp","href":"https:\/\/api.w.org\/{rel}","templated":true}]}}