{"id":16707,"date":"2015-09-03T14:43:08","date_gmt":"2015-09-03T18:43:08","guid":{"rendered":"http:\/\/www.brazilianpress.com\/v1\/?p=16707"},"modified":"2015-09-10T08:49:45","modified_gmt":"2015-09-10T12:49:45","slug":"america-brasil-prepare-se-para-dancar-e-se-emocionar-com-a-dupla-chander-e-flavinho","status":"publish","type":"post","link":"https:\/\/www.brazilianpress.com\/v1\/2015\/09\/03\/america-brasil-prepare-se-para-dancar-e-se-emocionar-com-a-dupla-chander-e-flavinho\/","title":{"rendered":"America Brasil: Prepare-se para dan\u00e7ar e se emocionar com a Dupla Chander e Flavinho"},"content":{"rendered":"<p><img loading=\"lazy\" class=\"alignnone size-full wp-image-16708\" src=\"http:\/\/www.brazilianpress.com\/v1\/wp-content\/uploads\/2015\/09\/chander-flavinho-ed1747-20150803-1.jpg\" alt=\"chander flavinho ed1747 20150803 (1)\" width=\"500\" height=\"335\" srcset=\"https:\/\/www.brazilianpress.com\/v1\/wp-content\/uploads\/2015\/09\/chander-flavinho-ed1747-20150803-1.jpg 500w, https:\/\/www.brazilianpress.com\/v1\/wp-content\/uploads\/2015\/09\/chander-flavinho-ed1747-20150803-1-300x201.jpg 300w\" sizes=\"(max-width: 500px) 100vw, 500px\" \/><\/p>\n<p><strong><em>Junior Schutt-<\/em><\/strong> Rec\u00e9m chegados do Brasil, onde cumpriram uma agenda de shows por todo o Estado de S\u00e3o Paulo, a dupla sertaneja Chander e Flavinho vem conquistando o p\u00fablico brasileiro com sucessos que encantaram os ouvintes, e marcaram a vida de muitos amantes do ritmo sertanejo. Essa dupla de m\u00fasicos competentes e inspirados, cuja a inten\u00e7\u00e3o em despertar alegria \u00e9 o maior de seus muitos atributos, s\u00e3o amigos de longa data, e em 2011 resolveram investir no talento musical t\u00e3o apreciado entre os amigos e familiares. Na verdade, Chander buscou sempre aperfei\u00e7oar-se como m\u00fasico, enquanto Flavinho manteve-se ocupado, compondo v\u00e1rias can\u00e7\u00f5es de prestigio, e qualidade \u00fanica, chegando a compor para grandes nomes como Zez\u00e9 de Camargo e Luciano, Daniel, Rio Negro e Solim\u00f5es, Gino e Geno e Edson e Hudson.<\/p>\n<p><!--more--><\/p>\n<p><img loading=\"lazy\" class=\"alignnone size-full wp-image-16709\" src=\"http:\/\/www.brazilianpress.com\/v1\/wp-content\/uploads\/2015\/09\/chander-flavinho-ed1747-20150803-2.jpg\" alt=\"chander flavinho ed1747 20150803 (2)\" width=\"500\" height=\"500\" srcset=\"https:\/\/www.brazilianpress.com\/v1\/wp-content\/uploads\/2015\/09\/chander-flavinho-ed1747-20150803-2.jpg 500w, https:\/\/www.brazilianpress.com\/v1\/wp-content\/uploads\/2015\/09\/chander-flavinho-ed1747-20150803-2-150x150.jpg 150w, https:\/\/www.brazilianpress.com\/v1\/wp-content\/uploads\/2015\/09\/chander-flavinho-ed1747-20150803-2-300x300.jpg 300w\" sizes=\"(max-width: 500px) 100vw, 500px\" \/><\/p>\n<p>Ap\u00f3s gravarem 3 discos e apresentarem-se para milhares de pessoas em rodeios, est\u00e1dios, shows privados, casas de shows, Programas de R\u00e1dio e TV abrangendo v\u00e1rias partes do Brasil, a dupla visitou os Estados Unidos em 2013, para gravarem um v\u00eddeo-clip, e durante a ocasi\u00e3o foram convidados especiais de eventos culturais em Newark e New York, bem como o Kids Festival promovido pelo Brazilian Press Newspaper. Durante o per\u00edodo que passaram na Terra do Tio Sam, desenvolveram inspira\u00e7\u00e3o ao observarem o comportamento dos brasileiros imigrantes e comporam a bel\u00edssima can\u00e7\u00e3o \u201cAmerica Brasil\u201d, uma narra\u00e7\u00e3o comovente e verdadeira da vida de um imigrante nos Estados Unidos, seus desafios e conquistas em terras estrangeiras, e os obst\u00e1culos emocionais de saudade e solid\u00e3o. Convidados especiais para representar o sertanejo de ra\u00edz com um repert\u00f3rio pr\u00f3prio de baladas dan\u00e7antes e rom\u00e2nticas, sertanejo inspirado no amor e na batalha do cidad\u00e3o global comum, Chander e Flavinho lan\u00e7ar\u00e3o o t\u00e3o esperado hit \u201cAmerica Brasil\u201d no palco do mega evento Brazilian Day Newark 2015, considerado um dos maiores eventos brasileiros fora do Brasil. A dupla revelou que a can\u00e7\u00e3o foi feita como uma homenagem ao brasileiro e a necessidade de permancer fiel a suas ra\u00edzes; eles prometem ainda anunciar detalhes e surpresas que estar\u00e3o no primeiro DVD, programado para chegar ao mercado comercial ainda este ano pela distribuidora Rec Music. Donos de um carisma simples e uma firmeza musical, de conhecimento e paix\u00e3o pelo estilo sertanejo, Chander e Flavinho continuam trilhando a jornada do sucesso fazendo m\u00fasica aut\u00eantica e inspiradora, apaixonando cora\u00e7\u00f5es pelo Brasil e alcan\u00e7ando novos horizontes internacionais. Preparem-se para serem contagiados e emocionados pela dupla. <strong><em>(Chander e Flavinho apresentam-se no palco do Brazilian Day Newark 2015, dias 5, 6 e 7 de Setembro)<\/em><\/strong><\/p>\n","protected":false},"excerpt":{"rendered":"<p>Junior Schutt- Rec\u00e9m chegados do Brasil, onde cumpriram uma agenda de shows por todo o Estado de S\u00e3o Paulo, a dupla sertaneja Chander e Flavinho vem conquistando o p\u00fablico brasileiro com sucessos que encantaram os ouvintes, e marcaram a vida de muitos amantes do ritmo sertanejo. Essa dupla de m\u00fasicos competentes e inspirados, cuja a inten\u00e7\u00e3o em despertar alegria \u00e9 o maior de seus muitos atributos, s\u00e3o amigos de longa data, e em 2011 resolveram investir no talento musical t\u00e3o apreciado entre os amigos e familiares. Na verdade, Chander buscou sempre aperfei\u00e7oar-se como m\u00fasico, enquanto Flavinho manteve-se ocupado, compondo v\u00e1rias [&hellip;]<\/p>\n","protected":false},"author":1,"featured_media":16708,"comment_status":"open","ping_status":"open","sticky":false,"template":"","format":"standard","meta":{"_links_to":"","_links_to_target":""},"categories":[4,1],"tags":[],"views":2476,"_links":{"self":[{"href":"https:\/\/www.brazilianpress.com\/v1\/wp-json\/wp\/v2\/posts\/16707"}],"collection":[{"href":"https:\/\/www.brazilianpress.com\/v1\/wp-json\/wp\/v2\/posts"}],"about":[{"href":"https:\/\/www.brazilianpress.com\/v1\/wp-json\/wp\/v2\/types\/post"}],"author":[{"embeddable":true,"href":"https:\/\/www.brazilianpress.com\/v1\/wp-json\/wp\/v2\/users\/1"}],"replies":[{"embeddable":true,"href":"https:\/\/www.brazilianpress.com\/v1\/wp-json\/wp\/v2\/comments?post=16707"}],"version-history":[{"count":1,"href":"https:\/\/www.brazilianpress.com\/v1\/wp-json\/wp\/v2\/posts\/16707\/revisions"}],"predecessor-version":[{"id":16710,"href":"https:\/\/www.brazilianpress.com\/v1\/wp-json\/wp\/v2\/posts\/16707\/revisions\/16710"}],"wp:featuredmedia":[{"embeddable":true,"href":"https:\/\/www.brazilianpress.com\/v1\/wp-json\/wp\/v2\/media\/16708"}],"wp:attachment":[{"href":"https:\/\/www.brazilianpress.com\/v1\/wp-json\/wp\/v2\/media?parent=16707"}],"wp:term":[{"taxonomy":"category","embeddable":true,"href":"https:\/\/www.brazilianpress.com\/v1\/wp-json\/wp\/v2\/categories?post=16707"},{"taxonomy":"post_tag","embeddable":true,"href":"https:\/\/www.brazilianpress.com\/v1\/wp-json\/wp\/v2\/tags?post=16707"}],"curies":[{"name":"wp","href":"https:\/\/api.w.org\/{rel}","templated":true}]}}