{"id":16718,"date":"2015-09-03T15:16:48","date_gmt":"2015-09-03T19:16:48","guid":{"rendered":"http:\/\/www.brazilianpress.com\/v1\/?p=16718"},"modified":"2015-09-08T13:11:46","modified_gmt":"2015-09-08T17:11:46","slug":"grupo-casa-nova-promove-festa-do-brasil-nos-dias-5-6-e-7-de-setembro-em-newark","status":"publish","type":"post","link":"https:\/\/www.brazilianpress.com\/v1\/2015\/09\/03\/grupo-casa-nova-promove-festa-do-brasil-nos-dias-5-6-e-7-de-setembro-em-newark\/","title":{"rendered":"Grupo Casa Nova promove Festa do Brasil nos dias 5, 6 e 7 de setembro em Newark"},"content":{"rendered":"<p><img loading=\"lazy\" class=\"alignnone size-full wp-image-16723\" src=\"http:\/\/www.brazilianpress.com\/v1\/wp-content\/uploads\/2015\/09\/mat-capa-1747-.jpg\" alt=\"mat capa 1747\" width=\"500\" height=\"463\" srcset=\"https:\/\/www.brazilianpress.com\/v1\/wp-content\/uploads\/2015\/09\/mat-capa-1747-.jpg 500w, https:\/\/www.brazilianpress.com\/v1\/wp-content\/uploads\/2015\/09\/mat-capa-1747--300x278.jpg 300w\" sizes=\"(max-width: 500px) 100vw, 500px\" \/><\/p>\n<p><strong><em>RC-<\/em><\/strong> O Grupo Casa Nova, sob dire\u00e7\u00e3o do empres\u00e1rio Jos\u00e9 Moreira realizar\u00e1 o grande e maior evento brasileiro j\u00e1 visto em Newark, New Jersey, neste fim de semana, de s\u00e1bado a segunda, dias 5, 6 e 7 de setembro. A Festa da Independ\u00eancia do Brasil em Newark ganha mais prest\u00edgio este ano devido ao desempenho do empres\u00e1rio Jos\u00e9 Moreira, cada vez mais envolvido em projetos sociais visando o benef\u00edcio da comunidade brasileira na cidade e na regi\u00e3o.<\/p>\n<p><!--more--><\/p>\n<p><img loading=\"lazy\" class=\"alignnone size-full wp-image-16719\" src=\"http:\/\/www.brazilianpress.com\/v1\/wp-content\/uploads\/2015\/09\/br-day-newark-20150903-2.jpg\" alt=\"br day newark 20150903 (2)\" width=\"500\" height=\"335\" srcset=\"https:\/\/www.brazilianpress.com\/v1\/wp-content\/uploads\/2015\/09\/br-day-newark-20150903-2.jpg 500w, https:\/\/www.brazilianpress.com\/v1\/wp-content\/uploads\/2015\/09\/br-day-newark-20150903-2-300x201.jpg 300w\" sizes=\"(max-width: 500px) 100vw, 500px\" \/><\/p>\n<p>Com o apoio das autoridades e de institui\u00e7\u00f5es socio-culturais da cidade, al\u00e9m da parceria com a lanchonete Altas Horas Lanches, do empres\u00e1rio Rafael Moreira, os residentes de Newark poder\u00e3o desfrutar de uma vasta celebra\u00e7\u00e3o \u00e0 cultura brasileira, com apresenta\u00e7\u00f5es culturais de dan\u00e7a, m\u00fasica, folclore, comidas t\u00edpicas, bebidas, atividades para crian\u00e7as e a fam\u00edlia em geral, e com atra\u00e7\u00f5es musicais vindas diretamente do Brasil. Entre os destaques no palco principal, montado no estacionamento do Casa Nova, na esquina da Niagara com Ferry Street, a dupla Relber e Allan v\u00e3o comandar a festa, al\u00e9m de atra\u00e7\u00f5es locais, como a dupla Andr\u00e9 Neves e Eduardo, a nova sensa\u00e7\u00e3o da regi\u00e3o e Chander e Flavinho, dupla que j\u00e1 se apresentou em v\u00e1rias partes do mundo. A festa conta tamb\u00e9m com a apresenta\u00e7\u00e3o de DJ\u2019s e outras atra\u00e7\u00f5es, al\u00e9m de momentos c\u00edvicos em homenagem ao Brasil, com palco montado na Esquina da Alegria, localizado na esquina da Chambers com Ferry, entre o Casa Nova Grill e o Altas Horas Lanches. Para informa\u00e7\u00f5es e garantir camisa para a area VIP contate (973) 465-0445.<\/p>\n<p><img loading=\"lazy\" class=\"alignnone size-full wp-image-16720\" src=\"http:\/\/www.brazilianpress.com\/v1\/wp-content\/uploads\/2015\/09\/br-day-newark-20150903-1.jpg\" alt=\"br day newark 20150903 (1)\" width=\"500\" height=\"583\" srcset=\"https:\/\/www.brazilianpress.com\/v1\/wp-content\/uploads\/2015\/09\/br-day-newark-20150903-1.jpg 500w, https:\/\/www.brazilianpress.com\/v1\/wp-content\/uploads\/2015\/09\/br-day-newark-20150903-1-257x300.jpg 257w\" sizes=\"(max-width: 500px) 100vw, 500px\" \/><\/p>\n","protected":false},"excerpt":{"rendered":"<p>RC- O Grupo Casa Nova, sob dire\u00e7\u00e3o do empres\u00e1rio Jos\u00e9 Moreira realizar\u00e1 o grande e maior evento brasileiro j\u00e1 visto em Newark, New Jersey, neste fim de semana, de s\u00e1bado a segunda, dias 5, 6 e 7 de setembro. A Festa da Independ\u00eancia do Brasil em Newark ganha mais prest\u00edgio este ano devido ao desempenho do empres\u00e1rio Jos\u00e9 Moreira, cada vez mais envolvido em projetos sociais visando o benef\u00edcio da comunidade brasileira na cidade e na regi\u00e3o.<\/p>\n","protected":false},"author":1,"featured_media":16723,"comment_status":"open","ping_status":"open","sticky":false,"template":"","format":"standard","meta":{"_links_to":"","_links_to_target":""},"categories":[4,1],"tags":[],"views":3103,"_links":{"self":[{"href":"https:\/\/www.brazilianpress.com\/v1\/wp-json\/wp\/v2\/posts\/16718"}],"collection":[{"href":"https:\/\/www.brazilianpress.com\/v1\/wp-json\/wp\/v2\/posts"}],"about":[{"href":"https:\/\/www.brazilianpress.com\/v1\/wp-json\/wp\/v2\/types\/post"}],"author":[{"embeddable":true,"href":"https:\/\/www.brazilianpress.com\/v1\/wp-json\/wp\/v2\/users\/1"}],"replies":[{"embeddable":true,"href":"https:\/\/www.brazilianpress.com\/v1\/wp-json\/wp\/v2\/comments?post=16718"}],"version-history":[{"count":3,"href":"https:\/\/www.brazilianpress.com\/v1\/wp-json\/wp\/v2\/posts\/16718\/revisions"}],"predecessor-version":[{"id":16724,"href":"https:\/\/www.brazilianpress.com\/v1\/wp-json\/wp\/v2\/posts\/16718\/revisions\/16724"}],"wp:featuredmedia":[{"embeddable":true,"href":"https:\/\/www.brazilianpress.com\/v1\/wp-json\/wp\/v2\/media\/16723"}],"wp:attachment":[{"href":"https:\/\/www.brazilianpress.com\/v1\/wp-json\/wp\/v2\/media?parent=16718"}],"wp:term":[{"taxonomy":"category","embeddable":true,"href":"https:\/\/www.brazilianpress.com\/v1\/wp-json\/wp\/v2\/categories?post=16718"},{"taxonomy":"post_tag","embeddable":true,"href":"https:\/\/www.brazilianpress.com\/v1\/wp-json\/wp\/v2\/tags?post=16718"}],"curies":[{"name":"wp","href":"https:\/\/api.w.org\/{rel}","templated":true}]}}