{"id":16725,"date":"2015-09-08T13:04:08","date_gmt":"2015-09-08T17:04:08","guid":{"rendered":"http:\/\/www.brazilianpress.com\/v1\/?p=16725"},"modified":"2015-09-10T13:09:18","modified_gmt":"2015-09-10T17:09:18","slug":"brazilian-day-new-york-atrai-mais-de-1-milhao-de-pessoas-sacudindo-a-6a-avenida-com-os-tambores-do-olodum","status":"publish","type":"post","link":"https:\/\/www.brazilianpress.com\/v1\/2015\/09\/08\/brazilian-day-new-york-atrai-mais-de-1-milhao-de-pessoas-sacudindo-a-6a-avenida-com-os-tambores-do-olodum\/","title":{"rendered":"Brazilian Day New York atra\u00ed mais de 1 milh\u00e3o de pessoas, sacudindo a 6\u00aa Avenida com os Tambores do Olodum"},"content":{"rendered":"<p><img loading=\"lazy\" class=\"alignnone size-full wp-image-16726\" src=\"http:\/\/www.brazilianpress.com\/v1\/wp-content\/uploads\/2015\/09\/b-day-new-york-2015-1.jpg\" alt=\"b day new york 2015 (1)\" width=\"500\" height=\"333\" srcset=\"https:\/\/www.brazilianpress.com\/v1\/wp-content\/uploads\/2015\/09\/b-day-new-york-2015-1.jpg 500w, https:\/\/www.brazilianpress.com\/v1\/wp-content\/uploads\/2015\/09\/b-day-new-york-2015-1-300x200.jpg 300w\" sizes=\"(max-width: 500px) 100vw, 500px\" \/><\/p>\n<p><strong><em>Roger Costa<\/em><\/strong>&#8211; A Cidade de New York foi presenteada com o batuque contagiante dos tambores da Banda Olodum, l\u00edderes da anima\u00e7\u00e3o da fant\u00e1stica programa\u00e7\u00e3o do BR Day New York 2015, realizado pela TV Globo Internacional no \u00faltimo domingo, coincidindo com o encerramento oficial do ver\u00e3o na cidade e com o feriado de Labor Day no dia seguinte. Mais de 1 milh\u00e3o de pessoas compareceu \u00e0 festa realizada atrav\u00e9s de 25 quarteir\u00f5es na 6\u00aa Avenida, com caravanas de milhares de pessoas vindas de todas as partes da Costa Leste Americana e outros estados. <!--more-->O evento, idealizado pelo empres\u00e1rio Jo\u00e3o de Mattos h\u00e1 31 anos e realizado pela Globo, faz parte do calend\u00e1rio oficial da cidade e \u00e9 visto no mundo inteiro atrav\u00e9s do canal internacional G1. O ator e gal\u00e3 Bruno Gagliasso apresentou o show, interagindo com o p\u00fablico com charme e jogo de cintura. A superstar Paula Fernandes abriu a celebra\u00e7\u00e3o por volta das 2h00 da tarde encantando com sua voz sedutora. Logo depois F\u00e1bio Junior levou o p\u00fablico ao del\u00edrio relembrando grandes sucessos e convocou a na\u00e7\u00e3o com um desabafo pol\u00edtico. A banda Tavarez, vencedora do Grammy e compositora de grandes hits de filmes americanos nos anos 70, fez uma participa\u00e7\u00e3o, enquanto o Olodum iniciou o grande show entoando o Hino Nacional estilo afro-brasileiro. A banda baiana, que tamb\u00e9m \u00e9 um movimento social de extrema import\u00e2ncia, sacudiu a galera com sua energia \u00fanica. A festa continuou em ritmo de carnaval baiano, com Durval Lelys do Asa de \u00c1guia, colocando a multid\u00e3o para pular com uma coreografia sincronizada de harmonia, alegria e contentamento. Ao final, os organizadores, os m\u00fasicos, os t\u00e9cnicos, lindos meninos e meninas, a galera da multid\u00e3o e todos os participantes expressavam a satisfa\u00e7\u00e3o pela magn\u00edfica manifesta\u00e7\u00e3o de alegria, m\u00fasica, ritmo e origens brasileiras expressas em cada rosto. New York tem um motivo a mais para celebrar com o BR Day.<\/p>\n<p><img loading=\"lazy\" class=\"alignnone size-full wp-image-16727\" src=\"http:\/\/www.brazilianpress.com\/v1\/wp-content\/uploads\/2015\/09\/b-day-new-york-2015-10.jpg\" alt=\"b day new york 2015 (10)\" width=\"450\" height=\"600\" srcset=\"https:\/\/www.brazilianpress.com\/v1\/wp-content\/uploads\/2015\/09\/b-day-new-york-2015-10.jpg 450w, https:\/\/www.brazilianpress.com\/v1\/wp-content\/uploads\/2015\/09\/b-day-new-york-2015-10-225x300.jpg 225w\" sizes=\"(max-width: 450px) 100vw, 450px\" \/> <img loading=\"lazy\" class=\"alignnone size-full wp-image-16728\" src=\"http:\/\/www.brazilianpress.com\/v1\/wp-content\/uploads\/2015\/09\/b-day-new-york-2015-2.jpg\" alt=\"b day new york 2015 (2)\" width=\"450\" height=\"450\" srcset=\"https:\/\/www.brazilianpress.com\/v1\/wp-content\/uploads\/2015\/09\/b-day-new-york-2015-2.jpg 450w, https:\/\/www.brazilianpress.com\/v1\/wp-content\/uploads\/2015\/09\/b-day-new-york-2015-2-150x150.jpg 150w, https:\/\/www.brazilianpress.com\/v1\/wp-content\/uploads\/2015\/09\/b-day-new-york-2015-2-300x300.jpg 300w\" sizes=\"(max-width: 450px) 100vw, 450px\" \/> <img loading=\"lazy\" class=\"alignnone size-full wp-image-16729\" src=\"http:\/\/www.brazilianpress.com\/v1\/wp-content\/uploads\/2015\/09\/b-day-new-york-2015-3.jpg\" alt=\"b day new york 2015 (3)\" width=\"450\" height=\"600\" srcset=\"https:\/\/www.brazilianpress.com\/v1\/wp-content\/uploads\/2015\/09\/b-day-new-york-2015-3.jpg 450w, https:\/\/www.brazilianpress.com\/v1\/wp-content\/uploads\/2015\/09\/b-day-new-york-2015-3-225x300.jpg 225w\" sizes=\"(max-width: 450px) 100vw, 450px\" \/> <img loading=\"lazy\" class=\"alignnone size-full wp-image-16730\" src=\"http:\/\/www.brazilianpress.com\/v1\/wp-content\/uploads\/2015\/09\/b-day-new-york-2015-4.jpg\" alt=\"b day new york 2015 (4)\" width=\"450\" height=\"600\" srcset=\"https:\/\/www.brazilianpress.com\/v1\/wp-content\/uploads\/2015\/09\/b-day-new-york-2015-4.jpg 450w, https:\/\/www.brazilianpress.com\/v1\/wp-content\/uploads\/2015\/09\/b-day-new-york-2015-4-225x300.jpg 225w\" sizes=\"(max-width: 450px) 100vw, 450px\" \/> <img loading=\"lazy\" class=\"alignnone size-full wp-image-16731\" src=\"http:\/\/www.brazilianpress.com\/v1\/wp-content\/uploads\/2015\/09\/b-day-new-york-2015-5.jpg\" alt=\"b day new york 2015 (5)\" width=\"500\" height=\"375\" srcset=\"https:\/\/www.brazilianpress.com\/v1\/wp-content\/uploads\/2015\/09\/b-day-new-york-2015-5.jpg 500w, https:\/\/www.brazilianpress.com\/v1\/wp-content\/uploads\/2015\/09\/b-day-new-york-2015-5-300x225.jpg 300w\" sizes=\"(max-width: 500px) 100vw, 500px\" \/> <img loading=\"lazy\" class=\"alignnone size-full wp-image-16732\" src=\"http:\/\/www.brazilianpress.com\/v1\/wp-content\/uploads\/2015\/09\/b-day-new-york-2015-6.jpg\" alt=\"b day new york 2015 (6)\" width=\"450\" height=\"450\" srcset=\"https:\/\/www.brazilianpress.com\/v1\/wp-content\/uploads\/2015\/09\/b-day-new-york-2015-6.jpg 450w, https:\/\/www.brazilianpress.com\/v1\/wp-content\/uploads\/2015\/09\/b-day-new-york-2015-6-150x150.jpg 150w, https:\/\/www.brazilianpress.com\/v1\/wp-content\/uploads\/2015\/09\/b-day-new-york-2015-6-300x300.jpg 300w\" sizes=\"(max-width: 450px) 100vw, 450px\" \/> <img loading=\"lazy\" class=\"alignnone size-full wp-image-16733\" src=\"http:\/\/www.brazilianpress.com\/v1\/wp-content\/uploads\/2015\/09\/b-day-new-york-2015-7.jpg\" alt=\"b day new york 2015 (7)\" width=\"500\" height=\"375\" srcset=\"https:\/\/www.brazilianpress.com\/v1\/wp-content\/uploads\/2015\/09\/b-day-new-york-2015-7.jpg 500w, https:\/\/www.brazilianpress.com\/v1\/wp-content\/uploads\/2015\/09\/b-day-new-york-2015-7-300x225.jpg 300w\" sizes=\"(max-width: 500px) 100vw, 500px\" \/> <img loading=\"lazy\" class=\"alignnone size-full wp-image-16734\" src=\"http:\/\/www.brazilianpress.com\/v1\/wp-content\/uploads\/2015\/09\/b-day-new-york-2015-8.jpg\" alt=\"b day new york 2015 (8)\" width=\"500\" height=\"375\" srcset=\"https:\/\/www.brazilianpress.com\/v1\/wp-content\/uploads\/2015\/09\/b-day-new-york-2015-8.jpg 500w, https:\/\/www.brazilianpress.com\/v1\/wp-content\/uploads\/2015\/09\/b-day-new-york-2015-8-300x225.jpg 300w\" sizes=\"(max-width: 500px) 100vw, 500px\" \/> <img loading=\"lazy\" class=\"alignnone size-full wp-image-16735\" src=\"http:\/\/www.brazilianpress.com\/v1\/wp-content\/uploads\/2015\/09\/b-day-new-york-2015-9.jpg\" alt=\"b day new york 2015 (9)\" width=\"500\" height=\"375\" srcset=\"https:\/\/www.brazilianpress.com\/v1\/wp-content\/uploads\/2015\/09\/b-day-new-york-2015-9.jpg 500w, https:\/\/www.brazilianpress.com\/v1\/wp-content\/uploads\/2015\/09\/b-day-new-york-2015-9-300x225.jpg 300w\" sizes=\"(max-width: 500px) 100vw, 500px\" \/><\/p>\n","protected":false},"excerpt":{"rendered":"<p>Roger Costa&#8211; A Cidade de New York foi presenteada com o batuque contagiante dos tambores da Banda Olodum, l\u00edderes da anima\u00e7\u00e3o da fant\u00e1stica programa\u00e7\u00e3o do BR Day New York 2015, realizado pela TV Globo Internacional no \u00faltimo domingo, coincidindo com o encerramento oficial do ver\u00e3o na cidade e com o feriado de Labor Day no dia seguinte. Mais de 1 milh\u00e3o de pessoas compareceu \u00e0 festa realizada atrav\u00e9s de 25 quarteir\u00f5es na 6\u00aa Avenida, com caravanas de milhares de pessoas vindas de todas as partes da Costa Leste Americana e outros estados.<\/p>\n","protected":false},"author":1,"featured_media":16726,"comment_status":"open","ping_status":"open","sticky":false,"template":"","format":"standard","meta":{"_links_to":"","_links_to_target":""},"categories":[19,1],"tags":[],"views":3320,"_links":{"self":[{"href":"https:\/\/www.brazilianpress.com\/v1\/wp-json\/wp\/v2\/posts\/16725"}],"collection":[{"href":"https:\/\/www.brazilianpress.com\/v1\/wp-json\/wp\/v2\/posts"}],"about":[{"href":"https:\/\/www.brazilianpress.com\/v1\/wp-json\/wp\/v2\/types\/post"}],"author":[{"embeddable":true,"href":"https:\/\/www.brazilianpress.com\/v1\/wp-json\/wp\/v2\/users\/1"}],"replies":[{"embeddable":true,"href":"https:\/\/www.brazilianpress.com\/v1\/wp-json\/wp\/v2\/comments?post=16725"}],"version-history":[{"count":1,"href":"https:\/\/www.brazilianpress.com\/v1\/wp-json\/wp\/v2\/posts\/16725\/revisions"}],"predecessor-version":[{"id":16736,"href":"https:\/\/www.brazilianpress.com\/v1\/wp-json\/wp\/v2\/posts\/16725\/revisions\/16736"}],"wp:featuredmedia":[{"embeddable":true,"href":"https:\/\/www.brazilianpress.com\/v1\/wp-json\/wp\/v2\/media\/16726"}],"wp:attachment":[{"href":"https:\/\/www.brazilianpress.com\/v1\/wp-json\/wp\/v2\/media?parent=16725"}],"wp:term":[{"taxonomy":"category","embeddable":true,"href":"https:\/\/www.brazilianpress.com\/v1\/wp-json\/wp\/v2\/categories?post=16725"},{"taxonomy":"post_tag","embeddable":true,"href":"https:\/\/www.brazilianpress.com\/v1\/wp-json\/wp\/v2\/tags?post=16725"}],"curies":[{"name":"wp","href":"https:\/\/api.w.org\/{rel}","templated":true}]}}