{"id":16737,"date":"2015-09-08T13:11:26","date_gmt":"2015-09-08T17:11:26","guid":{"rendered":"http:\/\/www.brazilianpress.com\/v1\/?p=16737"},"modified":"2015-09-17T07:15:25","modified_gmt":"2015-09-17T11:15:25","slug":"newark-celebrou-a-independencia-do-brasil-com-o-maior-brazilian-day-dos-ultimos-anos","status":"publish","type":"post","link":"https:\/\/www.brazilianpress.com\/v1\/2015\/09\/08\/newark-celebrou-a-independencia-do-brasil-com-o-maior-brazilian-day-dos-ultimos-anos\/","title":{"rendered":"Newark celebrou a Independ\u00eancia do Brasil com o Maior Brazilian Day dos \u00faltimos anos"},"content":{"rendered":"<p><img loading=\"lazy\" class=\"alignnone size-full wp-image-16738\" src=\"http:\/\/www.brazilianpress.com\/v1\/wp-content\/uploads\/2015\/09\/brazilian-day-newark-2015-2.jpg\" alt=\"brazilian day newark 2015 (2)\" width=\"500\" height=\"375\" srcset=\"https:\/\/www.brazilianpress.com\/v1\/wp-content\/uploads\/2015\/09\/brazilian-day-newark-2015-2.jpg 500w, https:\/\/www.brazilianpress.com\/v1\/wp-content\/uploads\/2015\/09\/brazilian-day-newark-2015-2-300x225.jpg 300w\" sizes=\"(max-width: 500px) 100vw, 500px\" \/><\/p>\n<p><b><i><span lang=\"PT-BR\">Jr. Schutt <\/span><\/i><\/b><span lang=\"PT-BR\">&#8211; A comunidade brasileira residente em Newark e regi\u00e3o teve a oportunidade de celebrar o dia da Independ\u00eancia do Brasil de maneira tipicamente brasileira em estilo de carnaval. O empres\u00e1rio Jos\u00e9 Moreira, em parceria com seu irm\u00e3o Rafael Moreira e Silvana Magda, lideraram uma equipe de profissionais e organizadores, que contribu\u00edram para a realiza\u00e7\u00e3o da grande festa, expandindo-se em tr\u00eas dias de muita alegria com uma vasta programa\u00e7\u00e3o para toda a fam\u00edlia.<!--more--><\/span><\/p>\n<p>Os visitantes puderam desfrutar de uma atmosfera familiar, explorando barracas com comidas t\u00edpicas, bebidas, jogos, brinquedos e divers\u00e3o para a crian\u00e7ada e no palco, apresenta\u00e7\u00f5es folcl\u00f3ricas e culturais representando a diversidade e riqueza das origens brasileiras, al\u00e9m claro, das grandes atra\u00e7\u00f5es musicais diretamente do Brasil: a dupla sertaneja Relber e Allan, a revela\u00e7\u00e3o Chander e Flavinho, a sensacional dupla Andr\u00e9 Neves e Eduardo, a galera que integra os Hawaianos, e os DJ\u2019s Bruno Goiano e o renomado Erv Master. Com o apoio de autoridades e da Prefeitura de Newark, o Brazilian Day Newark 2015 entrou para a hist\u00f3ria como a maior celebra\u00e7\u00e3o brasileira j\u00e1 realizada na cidade.<\/p>\n<p><img loading=\"lazy\" class=\"alignnone size-full wp-image-16739\" src=\"http:\/\/www.brazilianpress.com\/v1\/wp-content\/uploads\/2015\/09\/brazilian-day-newark-2015-1.jpg\" alt=\"brazilian day newark 2015 (1)\" width=\"500\" height=\"250\" srcset=\"https:\/\/www.brazilianpress.com\/v1\/wp-content\/uploads\/2015\/09\/brazilian-day-newark-2015-1.jpg 500w, https:\/\/www.brazilianpress.com\/v1\/wp-content\/uploads\/2015\/09\/brazilian-day-newark-2015-1-300x150.jpg 300w\" sizes=\"(max-width: 500px) 100vw, 500px\" \/> <img loading=\"lazy\" class=\"alignnone size-full wp-image-16740\" src=\"http:\/\/www.brazilianpress.com\/v1\/wp-content\/uploads\/2015\/09\/brazilian-day-newark-2015-3.jpg\" alt=\"brazilian day newark 2015 (3)\" width=\"500\" height=\"255\" srcset=\"https:\/\/www.brazilianpress.com\/v1\/wp-content\/uploads\/2015\/09\/brazilian-day-newark-2015-3.jpg 500w, https:\/\/www.brazilianpress.com\/v1\/wp-content\/uploads\/2015\/09\/brazilian-day-newark-2015-3-300x153.jpg 300w\" sizes=\"(max-width: 500px) 100vw, 500px\" \/> <img loading=\"lazy\" class=\"alignnone size-full wp-image-16741\" src=\"http:\/\/www.brazilianpress.com\/v1\/wp-content\/uploads\/2015\/09\/brazilian-day-newark-2015-4.jpg\" alt=\"brazilian day newark 2015 (4)\" width=\"500\" height=\"375\" srcset=\"https:\/\/www.brazilianpress.com\/v1\/wp-content\/uploads\/2015\/09\/brazilian-day-newark-2015-4.jpg 500w, https:\/\/www.brazilianpress.com\/v1\/wp-content\/uploads\/2015\/09\/brazilian-day-newark-2015-4-300x225.jpg 300w\" sizes=\"(max-width: 500px) 100vw, 500px\" \/> <img loading=\"lazy\" class=\"alignnone size-full wp-image-16742\" src=\"http:\/\/www.brazilianpress.com\/v1\/wp-content\/uploads\/2015\/09\/brazilian-day-newark-2015-5.jpg\" alt=\"brazilian day newark 2015 (5)\" width=\"450\" height=\"600\" srcset=\"https:\/\/www.brazilianpress.com\/v1\/wp-content\/uploads\/2015\/09\/brazilian-day-newark-2015-5.jpg 450w, https:\/\/www.brazilianpress.com\/v1\/wp-content\/uploads\/2015\/09\/brazilian-day-newark-2015-5-225x300.jpg 225w\" sizes=\"(max-width: 450px) 100vw, 450px\" \/> <img loading=\"lazy\" class=\"alignnone size-full wp-image-16743\" src=\"http:\/\/www.brazilianpress.com\/v1\/wp-content\/uploads\/2015\/09\/brazilian-day-newark-2015-6.jpg\" alt=\"brazilian day newark 2015 (6)\" width=\"500\" height=\"375\" srcset=\"https:\/\/www.brazilianpress.com\/v1\/wp-content\/uploads\/2015\/09\/brazilian-day-newark-2015-6.jpg 500w, https:\/\/www.brazilianpress.com\/v1\/wp-content\/uploads\/2015\/09\/brazilian-day-newark-2015-6-300x225.jpg 300w\" sizes=\"(max-width: 500px) 100vw, 500px\" \/> <img loading=\"lazy\" class=\"alignnone size-full wp-image-16744\" src=\"http:\/\/www.brazilianpress.com\/v1\/wp-content\/uploads\/2015\/09\/brazilian-day-newark-2015-7.jpg\" alt=\"brazilian day newark 2015 (7)\" width=\"450\" height=\"600\" srcset=\"https:\/\/www.brazilianpress.com\/v1\/wp-content\/uploads\/2015\/09\/brazilian-day-newark-2015-7.jpg 450w, https:\/\/www.brazilianpress.com\/v1\/wp-content\/uploads\/2015\/09\/brazilian-day-newark-2015-7-225x300.jpg 225w\" sizes=\"(max-width: 450px) 100vw, 450px\" \/> <img loading=\"lazy\" class=\"alignnone size-full wp-image-16745\" src=\"http:\/\/www.brazilianpress.com\/v1\/wp-content\/uploads\/2015\/09\/brazilian-day-newark-2015-8.jpg\" alt=\"brazilian day newark 2015 (8)\" width=\"500\" height=\"375\" srcset=\"https:\/\/www.brazilianpress.com\/v1\/wp-content\/uploads\/2015\/09\/brazilian-day-newark-2015-8.jpg 500w, https:\/\/www.brazilianpress.com\/v1\/wp-content\/uploads\/2015\/09\/brazilian-day-newark-2015-8-300x225.jpg 300w\" sizes=\"(max-width: 500px) 100vw, 500px\" \/> <img loading=\"lazy\" class=\"alignnone size-full wp-image-16746\" src=\"http:\/\/www.brazilianpress.com\/v1\/wp-content\/uploads\/2015\/09\/brazilian-day-newark-2015-9.jpg\" alt=\"brazilian day newark 2015 (9)\" width=\"450\" height=\"450\" srcset=\"https:\/\/www.brazilianpress.com\/v1\/wp-content\/uploads\/2015\/09\/brazilian-day-newark-2015-9.jpg 450w, https:\/\/www.brazilianpress.com\/v1\/wp-content\/uploads\/2015\/09\/brazilian-day-newark-2015-9-150x150.jpg 150w, https:\/\/www.brazilianpress.com\/v1\/wp-content\/uploads\/2015\/09\/brazilian-day-newark-2015-9-300x300.jpg 300w\" sizes=\"(max-width: 450px) 100vw, 450px\" \/> <img loading=\"lazy\" class=\"alignnone size-full wp-image-16747\" src=\"http:\/\/www.brazilianpress.com\/v1\/wp-content\/uploads\/2015\/09\/brazilian-day-newark-2015-10.jpg\" alt=\"brazilian day newark 2015 (10)\" width=\"500\" height=\"375\" srcset=\"https:\/\/www.brazilianpress.com\/v1\/wp-content\/uploads\/2015\/09\/brazilian-day-newark-2015-10.jpg 500w, https:\/\/www.brazilianpress.com\/v1\/wp-content\/uploads\/2015\/09\/brazilian-day-newark-2015-10-300x225.jpg 300w\" sizes=\"(max-width: 500px) 100vw, 500px\" \/> <img loading=\"lazy\" class=\"alignnone size-full wp-image-16748\" src=\"http:\/\/www.brazilianpress.com\/v1\/wp-content\/uploads\/2015\/09\/brazilian-day-newark-2015-11.jpg\" alt=\"brazilian day newark 2015 (11)\" width=\"500\" height=\"375\" srcset=\"https:\/\/www.brazilianpress.com\/v1\/wp-content\/uploads\/2015\/09\/brazilian-day-newark-2015-11.jpg 500w, https:\/\/www.brazilianpress.com\/v1\/wp-content\/uploads\/2015\/09\/brazilian-day-newark-2015-11-300x225.jpg 300w\" sizes=\"(max-width: 500px) 100vw, 500px\" \/><\/p>\n","protected":false},"excerpt":{"rendered":"<p>Jr. Schutt &#8211; A comunidade brasileira residente em Newark e regi\u00e3o teve a oportunidade de celebrar o dia da Independ\u00eancia do Brasil de maneira tipicamente brasileira em estilo de carnaval. O empres\u00e1rio Jos\u00e9 Moreira, em parceria com seu irm\u00e3o Rafael Moreira e Silvana Magda, lideraram uma equipe de profissionais e organizadores, que contribu\u00edram para a realiza\u00e7\u00e3o da grande festa, expandindo-se em tr\u00eas dias de muita alegria com uma vasta programa\u00e7\u00e3o para toda a fam\u00edlia.<\/p>\n","protected":false},"author":1,"featured_media":16738,"comment_status":"open","ping_status":"open","sticky":false,"template":"","format":"standard","meta":{"_links_to":"","_links_to_target":""},"categories":[4,19,1],"tags":[],"views":2988,"_links":{"self":[{"href":"https:\/\/www.brazilianpress.com\/v1\/wp-json\/wp\/v2\/posts\/16737"}],"collection":[{"href":"https:\/\/www.brazilianpress.com\/v1\/wp-json\/wp\/v2\/posts"}],"about":[{"href":"https:\/\/www.brazilianpress.com\/v1\/wp-json\/wp\/v2\/types\/post"}],"author":[{"embeddable":true,"href":"https:\/\/www.brazilianpress.com\/v1\/wp-json\/wp\/v2\/users\/1"}],"replies":[{"embeddable":true,"href":"https:\/\/www.brazilianpress.com\/v1\/wp-json\/wp\/v2\/comments?post=16737"}],"version-history":[{"count":1,"href":"https:\/\/www.brazilianpress.com\/v1\/wp-json\/wp\/v2\/posts\/16737\/revisions"}],"predecessor-version":[{"id":16749,"href":"https:\/\/www.brazilianpress.com\/v1\/wp-json\/wp\/v2\/posts\/16737\/revisions\/16749"}],"wp:featuredmedia":[{"embeddable":true,"href":"https:\/\/www.brazilianpress.com\/v1\/wp-json\/wp\/v2\/media\/16738"}],"wp:attachment":[{"href":"https:\/\/www.brazilianpress.com\/v1\/wp-json\/wp\/v2\/media?parent=16737"}],"wp:term":[{"taxonomy":"category","embeddable":true,"href":"https:\/\/www.brazilianpress.com\/v1\/wp-json\/wp\/v2\/categories?post=16737"},{"taxonomy":"post_tag","embeddable":true,"href":"https:\/\/www.brazilianpress.com\/v1\/wp-json\/wp\/v2\/tags?post=16737"}],"curies":[{"name":"wp","href":"https:\/\/api.w.org\/{rel}","templated":true}]}}