{"id":174,"date":"2013-04-25T22:50:25","date_gmt":"2013-04-26T02:50:25","guid":{"rendered":"http:\/\/www.brazilianpress.com\/v1\/?p=174"},"modified":"2013-05-02T13:47:19","modified_gmt":"2013-05-02T17:47:19","slug":"ataque-de-boston-representa-novo-entrave-a-aprovacao-da-reforma-imigratoria","status":"publish","type":"post","link":"https:\/\/www.brazilianpress.com\/v1\/2013\/04\/25\/ataque-de-boston-representa-novo-entrave-a-aprovacao-da-reforma-imigratoria\/","title":{"rendered":"Ataque de Boston representa novo entrave \u00e0 aprova\u00e7\u00e3o da reforma imigrat\u00f3ria"},"content":{"rendered":"<p><strong>Com a televis\u00e3o em sua pizzaria mostrando uma repeti\u00e7\u00e3o infinita da ca\u00e7ada a um dos suspeitos do ataque \u00e0 Maratona de Boston na sexta-feira, 19 de abril, Bessie Kontis estremeceu ao ver as cenas do bloqueio militar.<\/strong><\/p>\n<p>Bessie nasceu na Gr\u00e9cia e imigrou para os Estados Unidos quando era ainda crian\u00e7a. Por\u00e9m, quando dois homens com antepassados chechenos foram identificados como suspeitos dos atentados fatais \u00e0 Maratona de Boston, sua vis\u00e3o normalmente liberal a respeito da imigra\u00e7\u00e3o foi alterada por preocupa\u00e7\u00f5es com a seguran\u00e7a nacional.<\/p>\n<p><!--more--><\/p>\n<p><img class=\"alignnone  wp-image-175\" alt=\"atentado boston\" src=\"http:\/\/www.brazilianpress.com\/v1\/wp-content\/uploads\/2013\/04\/atentado-boston.jpg\" width=\"480\" srcset=\"https:\/\/www.brazilianpress.com\/v1\/wp-content\/uploads\/2013\/04\/atentado-boston.jpg 550w, https:\/\/www.brazilianpress.com\/v1\/wp-content\/uploads\/2013\/04\/atentado-boston-300x186.jpg 300w\" sizes=\"(max-width: 550px) 100vw, 550px\" \/><\/p>\n<p>\u00c0 medida que um grande debate nacional a respeito da reforma da imigra\u00e7\u00e3o come\u00e7a no Congresso, alguns advers\u00e1rios est\u00e3o apontando para o ataque de Boston como motivo de preocupa\u00e7\u00e3o a respeito da expans\u00e3o de programas de vistos e aqueles que querem oferecer a milh\u00f5es de imigrantes ilegais um caminho para a cidadania.<\/p>\n<p>Na sexta-feira, 19 de abril, o senador Charles Grassley, republicano de Iowa no comit\u00ea de discuss\u00e3o da reforma, que foi proposta por um grupo bipartid\u00e1rio de oito senadores, disse que os atentados terroristas deveriam ser levados em considera\u00e7\u00e3o no debate. Alguns comentaristas conservadores e republicanos do Congresso querem desviar o foco das preocupa\u00e7\u00f5es econ\u00f4micas e humanit\u00e1rias para a seguran\u00e7a na fronteira e a potencial amea\u00e7a de terroristas que entram no pa\u00eds.<\/p>\n<p>Em entrevistas na sexta \u00e0 noite, enquanto a ca\u00e7ada aos suspeitos era transmitida, muitos mencionaram que os dois irm\u00e3os ligados aos ataques &#8211; Dzhokhar Tsarnaev, 19, que foi capturado na sexta-feira e Tamerlan Tsarnaev, 26 anos, que foi morto &#8211; chegaram o pa\u00eds na d\u00e9cada anterior, com um pai que pediu asilo devido ao conflito em sua terra natal. Eles dificilmente teriam sido identificados como poss\u00edveis amea\u00e7as pelo controle das fronteiras, segundo fontes.<\/p>\n<p>No entanto, esse detalhe da odisseia da fam\u00edlia Tsarnaev pode se perder diante de um debate maior a respeito da pol\u00edtica de imigra\u00e7\u00e3o, uma quest\u00e3o que evoca rea\u00e7\u00f5es viscerais. Dois senadores republicanos favor\u00e1veis \u00e0 reforma da lei da imigra\u00e7\u00e3o, Lindsey Graham, da Carolina do Sul, e John McCain, do Arizona, mencionaram o ataque na Maratona de Boston durante o debate e insistiram que uma revis\u00e3o da imigra\u00e7\u00e3o refor\u00e7aria a seguran\u00e7a nacional &#8220;ajudando-nos a identificar exatamente quem entrou em nosso pa\u00eds e quem foi embora&#8221;.<\/p>\n<p>Gary Burnett, 35 anos, disse que apoia o caminho para a cidadania e a expans\u00e3o de vistos de resid\u00eancia permanentes para aqueles que aguardam fora do pa\u00eds, j\u00e1 que os EUA fazem parte de uma economia global.<\/p>\n<p>Como engenheiro de software, ele disse, &#8220;eu estou competindo com o mundo inteiro. Eu tenho que ser capaz de fazer o trabalho de pelo menos tr\u00eas pessoas na \u00c1sia para poder competir no mercado de trabalho.\u201d Ele disse que o potencial para que alguns imigrantes pudessem se tornar terroristas era apenas uma desculpa para desviar aten\u00e7\u00f5es do foco principal.<\/p>\n<p>Melvin Cook, 57, que estava comprando uma pizza, foi mais longe. Ele acusou os pol\u00edticos de explorarem o ataque. &#8220;Eles est\u00e3o tentando fazer com que fiquemos com medo dos imigrantes&#8221;, disse. Cook, um motorista de caminh\u00e3o, disse, &#8220;ningu\u00e9m quer as vagas de trabalho que estes imigrantes ilegais est\u00e3o ocupando.&#8221;<\/p>\n","protected":false},"excerpt":{"rendered":"<p>Com a televis\u00e3o em sua pizzaria mostrando uma repeti\u00e7\u00e3o infinita da ca\u00e7ada a um dos suspeitos do ataque \u00e0 Maratona de Boston na sexta-feira, 19 de abril, Bessie Kontis estremeceu ao ver as cenas do bloqueio militar. Bessie nasceu na Gr\u00e9cia e imigrou para os Estados Unidos quando era ainda crian\u00e7a. Por\u00e9m, quando dois homens com antepassados chechenos foram identificados como suspeitos dos atentados fatais \u00e0 Maratona de Boston, sua vis\u00e3o normalmente liberal a respeito da imigra\u00e7\u00e3o foi alterada por preocupa\u00e7\u00f5es com a seguran\u00e7a nacional.<\/p>\n","protected":false},"author":1,"featured_media":175,"comment_status":"open","ping_status":"open","sticky":false,"template":"","format":"standard","meta":{"_links_to":"","_links_to_target":""},"categories":[4,1],"tags":[],"views":3317,"_links":{"self":[{"href":"https:\/\/www.brazilianpress.com\/v1\/wp-json\/wp\/v2\/posts\/174"}],"collection":[{"href":"https:\/\/www.brazilianpress.com\/v1\/wp-json\/wp\/v2\/posts"}],"about":[{"href":"https:\/\/www.brazilianpress.com\/v1\/wp-json\/wp\/v2\/types\/post"}],"author":[{"embeddable":true,"href":"https:\/\/www.brazilianpress.com\/v1\/wp-json\/wp\/v2\/users\/1"}],"replies":[{"embeddable":true,"href":"https:\/\/www.brazilianpress.com\/v1\/wp-json\/wp\/v2\/comments?post=174"}],"version-history":[{"count":4,"href":"https:\/\/www.brazilianpress.com\/v1\/wp-json\/wp\/v2\/posts\/174\/revisions"}],"predecessor-version":[{"id":365,"href":"https:\/\/www.brazilianpress.com\/v1\/wp-json\/wp\/v2\/posts\/174\/revisions\/365"}],"wp:featuredmedia":[{"embeddable":true,"href":"https:\/\/www.brazilianpress.com\/v1\/wp-json\/wp\/v2\/media\/175"}],"wp:attachment":[{"href":"https:\/\/www.brazilianpress.com\/v1\/wp-json\/wp\/v2\/media?parent=174"}],"wp:term":[{"taxonomy":"category","embeddable":true,"href":"https:\/\/www.brazilianpress.com\/v1\/wp-json\/wp\/v2\/categories?post=174"},{"taxonomy":"post_tag","embeddable":true,"href":"https:\/\/www.brazilianpress.com\/v1\/wp-json\/wp\/v2\/tags?post=174"}],"curies":[{"name":"wp","href":"https:\/\/api.w.org\/{rel}","templated":true}]}}