{"id":17517,"date":"2015-10-01T13:43:19","date_gmt":"2015-10-01T17:43:19","guid":{"rendered":"http:\/\/www.brazilianpress.com\/v1\/?p=17517"},"modified":"2015-10-01T13:43:19","modified_gmt":"2015-10-01T17:43:19","slug":"dar-ipads-para-criancas-jovens-constitui-abuso-afirma-medico","status":"publish","type":"post","link":"https:\/\/www.brazilianpress.com\/v1\/2015\/10\/01\/dar-ipads-para-criancas-jovens-constitui-abuso-afirma-medico\/","title":{"rendered":"Dar iPads para crian\u00e7as jovens constitui abuso, afirma m\u00e9dico"},"content":{"rendered":"<p><img loading=\"lazy\" class=\"alignnone size-full wp-image-17518\" src=\"http:\/\/www.brazilianpress.com\/v1\/wp-content\/uploads\/2015\/10\/ipad-kids.jpg\" alt=\"ipad kids\" width=\"500\" height=\"333\" srcset=\"https:\/\/www.brazilianpress.com\/v1\/wp-content\/uploads\/2015\/10\/ipad-kids.jpg 500w, https:\/\/www.brazilianpress.com\/v1\/wp-content\/uploads\/2015\/10\/ipad-kids-300x200.jpg 300w\" sizes=\"(max-width: 500px) 100vw, 500px\" \/><\/p>\n<p>Ainda h\u00e1 muitas discuss\u00f5es sobre o impacto que a tecnologia traz aos seres humanos, mas muitos m\u00e9dicos concordam que a exposi\u00e7\u00e3o a certos aparelhos em idade muito jovem pode causar problemas de desenvolvimento. Entre os profissionais que t\u00eam essa vis\u00e3o est\u00e1 o Dr. Richard House, que afirma que dar\u00a0iPads\u00a0a crian\u00e7as com menos de dois anos de idade \u00e9 uma pr\u00e1tica que se equivale ao abuso infantil.<!--more--><\/p>\n<p>Segundo ele, o uso do aparelho da Apple ou de qualquer outro tablet nesse per\u00edodo \u00e9 igual a \u201cjogar roleta-russa com seu desenvolvimento\u201d. Ele explica que a exposi\u00e7\u00e3o a esses aparelhos pode fazer com que as crian\u00e7as n\u00e3o criem uma boa distin\u00e7\u00e3o entre o mundo real e os universos virtuais aos quais a tecnologia permite acesso.<\/p>\n<p>\u201cConfundir essas crian\u00e7as quando elas mal come\u00e7aram a entender esse mundo ao introduzi-las a universos virtuais \u00e9 uma revers\u00e3o absurda da ordem natural das coisas\u201d, disse ele ao Nursery World. \u201cSe isso j\u00e1 acontece com adultos, imagine o quanto isso \u00e9 mais relevante para crian\u00e7as jovens cujos c\u00e9rebros ainda est\u00e3o em processo muito inicial de desenvolvimento\u201d.<\/p>\n<p>House \u00e9 fundador da Early Childhood Action, organiza\u00e7\u00e3o que faz campanha para que pais n\u00e3o deixem crian\u00e7as muito jovens brincarem com aparelhos com telas sens\u00edveis ao toque. \u201cParece que a arrog\u00e2ncia da tecnologia moderna n\u00e3o conhece limites. Baseado no que eu disse aqui, parece que dar iPads para beb\u00eas \u00e9 equivalente ao abuso infantil\u201d, complementou o m\u00e9dico.<\/p>\n","protected":false},"excerpt":{"rendered":"<p>Ainda h\u00e1 muitas discuss\u00f5es sobre o impacto que a tecnologia traz aos seres humanos, mas muitos m\u00e9dicos concordam que a exposi\u00e7\u00e3o a certos aparelhos em idade muito jovem pode causar problemas de desenvolvimento. Entre os profissionais que t\u00eam essa vis\u00e3o est\u00e1 o Dr. Richard House, que afirma que dar\u00a0iPads\u00a0a crian\u00e7as com menos de dois anos de idade \u00e9 uma pr\u00e1tica que se equivale ao abuso infantil.<\/p>\n","protected":false},"author":1,"featured_media":17518,"comment_status":"open","ping_status":"open","sticky":false,"template":"","format":"standard","meta":{"_links_to":"","_links_to_target":""},"categories":[4,1],"tags":[],"views":2359,"_links":{"self":[{"href":"https:\/\/www.brazilianpress.com\/v1\/wp-json\/wp\/v2\/posts\/17517"}],"collection":[{"href":"https:\/\/www.brazilianpress.com\/v1\/wp-json\/wp\/v2\/posts"}],"about":[{"href":"https:\/\/www.brazilianpress.com\/v1\/wp-json\/wp\/v2\/types\/post"}],"author":[{"embeddable":true,"href":"https:\/\/www.brazilianpress.com\/v1\/wp-json\/wp\/v2\/users\/1"}],"replies":[{"embeddable":true,"href":"https:\/\/www.brazilianpress.com\/v1\/wp-json\/wp\/v2\/comments?post=17517"}],"version-history":[{"count":1,"href":"https:\/\/www.brazilianpress.com\/v1\/wp-json\/wp\/v2\/posts\/17517\/revisions"}],"predecessor-version":[{"id":17519,"href":"https:\/\/www.brazilianpress.com\/v1\/wp-json\/wp\/v2\/posts\/17517\/revisions\/17519"}],"wp:featuredmedia":[{"embeddable":true,"href":"https:\/\/www.brazilianpress.com\/v1\/wp-json\/wp\/v2\/media\/17518"}],"wp:attachment":[{"href":"https:\/\/www.brazilianpress.com\/v1\/wp-json\/wp\/v2\/media?parent=17517"}],"wp:term":[{"taxonomy":"category","embeddable":true,"href":"https:\/\/www.brazilianpress.com\/v1\/wp-json\/wp\/v2\/categories?post=17517"},{"taxonomy":"post_tag","embeddable":true,"href":"https:\/\/www.brazilianpress.com\/v1\/wp-json\/wp\/v2\/tags?post=17517"}],"curies":[{"name":"wp","href":"https:\/\/api.w.org\/{rel}","templated":true}]}}