{"id":17520,"date":"2015-10-01T13:47:18","date_gmt":"2015-10-01T17:47:18","guid":{"rendered":"http:\/\/www.brazilianpress.com\/v1\/?p=17520"},"modified":"2015-10-01T13:47:18","modified_gmt":"2015-10-01T17:47:18","slug":"apple-lancara-carro-eletrico-em-2019-diz-jornal","status":"publish","type":"post","link":"https:\/\/www.brazilianpress.com\/v1\/2015\/10\/01\/apple-lancara-carro-eletrico-em-2019-diz-jornal\/","title":{"rendered":"Apple lan\u00e7ar\u00e1 carro el\u00e9trico em 2019, diz jornal"},"content":{"rendered":"<p><img loading=\"lazy\" class=\"alignnone size-full wp-image-17521\" src=\"http:\/\/www.brazilianpress.com\/v1\/wp-content\/uploads\/2015\/10\/apple-electric-car.jpg\" alt=\"apple electric car\" width=\"500\" height=\"324\" srcset=\"https:\/\/www.brazilianpress.com\/v1\/wp-content\/uploads\/2015\/10\/apple-electric-car.jpg 500w, https:\/\/www.brazilianpress.com\/v1\/wp-content\/uploads\/2015\/10\/apple-electric-car-300x194.jpg 300w\" sizes=\"(max-width: 500px) 100vw, 500px\" \/><\/p>\n<p>Uma reportagem veiculada pelo jornal Wall Street Journal aponta que a Apple estaria pronta para lan\u00e7ar seu primeiro carro el\u00e9trico em 2019. At\u00e9 ent\u00e3o, especula\u00e7\u00f5es indicavam que o modelo seria lan\u00e7ado em 2020. Apesar de tamb\u00e9m ser esperado que a empresa de tecnologia esteja desenvolvendo um carro aut\u00f4nomo, o primeiro modelo ainda dever\u00e1 ser comandado por um motorista.<!--more--><\/p>\n<p>As informa\u00e7\u00f5es foram publicadas na segunda-feira (21), informa o site AutoEsporte. No texto, a publica\u00e7\u00e3o indica que a equipe da Apple que lidera o projeto Titan (nome dado \u00e0 iniciativa de desenvolvimento de carros el\u00e9tricos e aut\u00f4nomos da marca), teria estabelecido o ano de 2019 para o lan\u00e7amento do primeiro modelo.<\/p>\n<p>Os rumores de que o projeto estaria em est\u00e1gios finais ganhou f\u00f4lego na \u00faltima semana, quando um executivo da Apple teria se reunido com representantes do governo da Calif\u00f3rnia. A reuni\u00e3o teria sido organizada para que fossem definidos como ser\u00e3o os testes do novo carro nas ruas dos Estados Unidos. At\u00e9 o momento, os carros da Apple estariam sendo testados em pistas fechadas e secretas.<\/p>\n<p>Em resposta ao jornal brit\u00e2nico The Guardian, que tamb\u00e9m publicou reportagem sobre o assunto, a Apple aumentou as expectativas em torno do projeto Titan. Isso porque a empresa disse oficialmente que seus executivos se reuniram com representantes do governo californiano para discutir as legisla\u00e7\u00f5es de tr\u00e2nsito sobre carros aut\u00f4nomos.<br \/>\nAtualmente, montadoras como Mercedes, Volkswagen e Tesla, al\u00e9m do Google, j\u00e1 receberam autoriza\u00e7\u00e3o para testar carros que dispensam a condu\u00e7\u00e3o do motorista nas ruas daquele estado.<\/p>\n","protected":false},"excerpt":{"rendered":"<p>Uma reportagem veiculada pelo jornal Wall Street Journal aponta que a Apple estaria pronta para lan\u00e7ar seu primeiro carro el\u00e9trico em 2019. At\u00e9 ent\u00e3o, especula\u00e7\u00f5es indicavam que o modelo seria lan\u00e7ado em 2020. Apesar de tamb\u00e9m ser esperado que a empresa de tecnologia esteja desenvolvendo um carro aut\u00f4nomo, o primeiro modelo ainda dever\u00e1 ser comandado por um motorista.<\/p>\n","protected":false},"author":1,"featured_media":17521,"comment_status":"open","ping_status":"open","sticky":false,"template":"","format":"standard","meta":{"_links_to":"","_links_to_target":""},"categories":[4,1],"tags":[],"views":5646,"_links":{"self":[{"href":"https:\/\/www.brazilianpress.com\/v1\/wp-json\/wp\/v2\/posts\/17520"}],"collection":[{"href":"https:\/\/www.brazilianpress.com\/v1\/wp-json\/wp\/v2\/posts"}],"about":[{"href":"https:\/\/www.brazilianpress.com\/v1\/wp-json\/wp\/v2\/types\/post"}],"author":[{"embeddable":true,"href":"https:\/\/www.brazilianpress.com\/v1\/wp-json\/wp\/v2\/users\/1"}],"replies":[{"embeddable":true,"href":"https:\/\/www.brazilianpress.com\/v1\/wp-json\/wp\/v2\/comments?post=17520"}],"version-history":[{"count":1,"href":"https:\/\/www.brazilianpress.com\/v1\/wp-json\/wp\/v2\/posts\/17520\/revisions"}],"predecessor-version":[{"id":17522,"href":"https:\/\/www.brazilianpress.com\/v1\/wp-json\/wp\/v2\/posts\/17520\/revisions\/17522"}],"wp:featuredmedia":[{"embeddable":true,"href":"https:\/\/www.brazilianpress.com\/v1\/wp-json\/wp\/v2\/media\/17521"}],"wp:attachment":[{"href":"https:\/\/www.brazilianpress.com\/v1\/wp-json\/wp\/v2\/media?parent=17520"}],"wp:term":[{"taxonomy":"category","embeddable":true,"href":"https:\/\/www.brazilianpress.com\/v1\/wp-json\/wp\/v2\/categories?post=17520"},{"taxonomy":"post_tag","embeddable":true,"href":"https:\/\/www.brazilianpress.com\/v1\/wp-json\/wp\/v2\/tags?post=17520"}],"curies":[{"name":"wp","href":"https:\/\/api.w.org\/{rel}","templated":true}]}}