{"id":17535,"date":"2015-10-01T13:58:10","date_gmt":"2015-10-01T17:58:10","guid":{"rendered":"http:\/\/www.brazilianpress.com\/v1\/?p=17535"},"modified":"2015-10-01T13:58:10","modified_gmt":"2015-10-01T17:58:10","slug":"nova-geracao-do-sertanejo-e-destaque-no-16o-grammy-latino","status":"publish","type":"post","link":"https:\/\/www.brazilianpress.com\/v1\/2015\/10\/01\/nova-geracao-do-sertanejo-e-destaque-no-16o-grammy-latino\/","title":{"rendered":"Nova Gera\u00e7\u00e3o do Sertanejo \u00e9 destaque no 16\u00ba Grammy Latino"},"content":{"rendered":"<p><img loading=\"lazy\" class=\"alignnone size-full wp-image-17536\" src=\"http:\/\/www.brazilianpress.com\/v1\/wp-content\/uploads\/2015\/10\/Grammy-Latino.jpg\" alt=\"Grammy Latino\" width=\"500\" height=\"340\" srcset=\"https:\/\/www.brazilianpress.com\/v1\/wp-content\/uploads\/2015\/10\/Grammy-Latino.jpg 500w, https:\/\/www.brazilianpress.com\/v1\/wp-content\/uploads\/2015\/10\/Grammy-Latino-300x204.jpg 300w\" sizes=\"(max-width: 500px) 100vw, 500px\" \/><\/p>\n<p><strong><em>RC-<\/em><\/strong> O 16th Latin Grammy Awards ser\u00e1 transmitido ao vivo diretamente do MGM Grand em Las Vegas, quinta-feira dia 19 de novembro pelo Canal Univision a partir das 8h00 da noite. Esse \u00e9 o 8\u00ba ano que o Grammy Latino acontece em Las Vegas celebrando o melhor da m\u00fasica latina em l\u00edngua espanhola e portugu\u00eas.<!--more--> A sele\u00e7\u00e3o de nomeados para o Pr\u00eamio foi anunciada na \u00faltima semana, constando nomes populares como Ricky Martin, Alejandro Sanz e Julieta Venegas, que disputam o Pr\u00eamio de Grava\u00e7\u00e3o do Ano (Record of The Year). Entre os novos artistas Iv\u00e1n Melon Lewis, Julieta Rada, Tulipa Ru\u00edz e Vitrola Sint\u00e9tica disputam o Pr\u00eamio Revela\u00e7\u00e3o do Ano, ao lado de outros nomeados. Para celebrar a m\u00fasica brasileira foram criadas sete categorias: M\u00fasica Crist\u00e3, Fernanda Brum e Bruna Karla entre as nomeadas, \u00c1lbum de M\u00fasica Contempor\u00e2nea, \u00c1lbum de Rock, Samba, Pagode, MPB, e Sertanejo, destacando a nova gera\u00e7\u00e3o de m\u00fasicos que transformaram o estilo tradicional a uma fus\u00e3o moderna; artistas como Seu Jorge, Lenine, Jorge &amp; Mateus, Leonardo &amp; Eduardo Costa, Maria Gad\u00fa, Victor &amp; L\u00e9o, Maria Beth\u00e2nia, Dorival Caymmi, Ivan Lins, Adriana Calcanhotto, Fundo de Quintal e Zeca Pagodinho est\u00e3o entre os destaques. O Latin Grammy \u00e9 patrocinado por MacDonalds e L\u2019or\u00e9al Paris.<\/p>\n","protected":false},"excerpt":{"rendered":"<p>RC- O 16th Latin Grammy Awards ser\u00e1 transmitido ao vivo diretamente do MGM Grand em Las Vegas, quinta-feira dia 19 de novembro pelo Canal Univision a partir das 8h00 da noite. Esse \u00e9 o 8\u00ba ano que o Grammy Latino acontece em Las Vegas celebrando o melhor da m\u00fasica latina em l\u00edngua espanhola e portugu\u00eas.<\/p>\n","protected":false},"author":1,"featured_media":17536,"comment_status":"open","ping_status":"open","sticky":false,"template":"","format":"standard","meta":{"_links_to":"","_links_to_target":""},"categories":[4,1],"tags":[],"views":1906,"_links":{"self":[{"href":"https:\/\/www.brazilianpress.com\/v1\/wp-json\/wp\/v2\/posts\/17535"}],"collection":[{"href":"https:\/\/www.brazilianpress.com\/v1\/wp-json\/wp\/v2\/posts"}],"about":[{"href":"https:\/\/www.brazilianpress.com\/v1\/wp-json\/wp\/v2\/types\/post"}],"author":[{"embeddable":true,"href":"https:\/\/www.brazilianpress.com\/v1\/wp-json\/wp\/v2\/users\/1"}],"replies":[{"embeddable":true,"href":"https:\/\/www.brazilianpress.com\/v1\/wp-json\/wp\/v2\/comments?post=17535"}],"version-history":[{"count":1,"href":"https:\/\/www.brazilianpress.com\/v1\/wp-json\/wp\/v2\/posts\/17535\/revisions"}],"predecessor-version":[{"id":17537,"href":"https:\/\/www.brazilianpress.com\/v1\/wp-json\/wp\/v2\/posts\/17535\/revisions\/17537"}],"wp:featuredmedia":[{"embeddable":true,"href":"https:\/\/www.brazilianpress.com\/v1\/wp-json\/wp\/v2\/media\/17536"}],"wp:attachment":[{"href":"https:\/\/www.brazilianpress.com\/v1\/wp-json\/wp\/v2\/media?parent=17535"}],"wp:term":[{"taxonomy":"category","embeddable":true,"href":"https:\/\/www.brazilianpress.com\/v1\/wp-json\/wp\/v2\/categories?post=17535"},{"taxonomy":"post_tag","embeddable":true,"href":"https:\/\/www.brazilianpress.com\/v1\/wp-json\/wp\/v2\/tags?post=17535"}],"curies":[{"name":"wp","href":"https:\/\/api.w.org\/{rel}","templated":true}]}}