{"id":17538,"date":"2015-10-01T14:00:42","date_gmt":"2015-10-01T18:00:42","guid":{"rendered":"http:\/\/www.brazilianpress.com\/v1\/?p=17538"},"modified":"2015-10-01T14:00:42","modified_gmt":"2015-10-01T18:00:42","slug":"javits-center-abriga-o-new-york-comic-con-edicao-2015","status":"publish","type":"post","link":"https:\/\/www.brazilianpress.com\/v1\/2015\/10\/01\/javits-center-abriga-o-new-york-comic-con-edicao-2015\/","title":{"rendered":"Javits Center abriga o New York Comic Con edi\u00e7\u00e3o 2015"},"content":{"rendered":"<p><strong><em>Roger Costa-<\/em><\/strong> O New York Comic Con 2015 acontece nas instala\u00e7\u00f5es do Javits Center, localizado no 655 West 34th Street, em Midtown Manhattan, de 8 a 11 de outubro, comprovando seu status de maior e mais popular conven\u00e7\u00e3o cultural na Costa Leste, showcase dos avan\u00e7os de tecnologia e novidades em video games, graphic novels, jogos, brinquedos, quadrinhos, anima\u00e7\u00e3o, manga, filmes e televis\u00e3o. <!--more--><\/p>\n<p><img loading=\"lazy\" class=\"alignnone size-full wp-image-17540\" src=\"http:\/\/www.brazilianpress.com\/v1\/wp-content\/uploads\/2015\/10\/Comic-Con-New-York.jpg\" alt=\"Comic Con New York\" width=\"500\" height=\"778\" srcset=\"https:\/\/www.brazilianpress.com\/v1\/wp-content\/uploads\/2015\/10\/Comic-Con-New-York.jpg 500w, https:\/\/www.brazilianpress.com\/v1\/wp-content\/uploads\/2015\/10\/Comic-Con-New-York-193x300.jpg 193w\" sizes=\"(max-width: 500px) 100vw, 500px\" \/><\/p>\n<p>Durante o evento visitantes poder\u00e3o experimentar as novas inven\u00e7\u00f5es instaladas ao redor do Show Floor, participar de f\u00f3runs e workshops realizados por profissionais designados em cada \u00e1rea, podendo interagir com seus autores favoritos, al\u00e9m de assistir em primeira m\u00e3o, \u00e0 cenas de v\u00e1rias s\u00e9ries de TV e filmes que ser\u00e3o lan\u00e7ados no pr\u00f3ximo ano. New York Comic Con traz os profissionais mais respeitados do mundo do entretenimento, juntos na maior capital do mundo. Entre os artistas presentes, Danny Glover, Elijah Wood, Bryan Cranston, Jack Black, Jennifer Morrison, Rashida jones, Robert Rodriguez, Sam Raimi, Vin Diesel e outros. Visite <a href=\"http:\/\/www.newyorkcomiccon.com\">www.newyorkcomiccon.com<\/a> para detalhes e programa\u00e7\u00e3o.<\/p>\n","protected":false},"excerpt":{"rendered":"<p>Roger Costa- O New York Comic Con 2015 acontece nas instala\u00e7\u00f5es do Javits Center, localizado no 655 West 34th Street, em Midtown Manhattan, de 8 a 11 de outubro, comprovando seu status de maior e mais popular conven\u00e7\u00e3o cultural na Costa Leste, showcase dos avan\u00e7os de tecnologia e novidades em video games, graphic novels, jogos, brinquedos, quadrinhos, anima\u00e7\u00e3o, manga, filmes e televis\u00e3o.<\/p>\n","protected":false},"author":1,"featured_media":17539,"comment_status":"open","ping_status":"open","sticky":false,"template":"","format":"standard","meta":{"_links_to":"","_links_to_target":""},"categories":[4,1],"tags":[],"views":2319,"_links":{"self":[{"href":"https:\/\/www.brazilianpress.com\/v1\/wp-json\/wp\/v2\/posts\/17538"}],"collection":[{"href":"https:\/\/www.brazilianpress.com\/v1\/wp-json\/wp\/v2\/posts"}],"about":[{"href":"https:\/\/www.brazilianpress.com\/v1\/wp-json\/wp\/v2\/types\/post"}],"author":[{"embeddable":true,"href":"https:\/\/www.brazilianpress.com\/v1\/wp-json\/wp\/v2\/users\/1"}],"replies":[{"embeddable":true,"href":"https:\/\/www.brazilianpress.com\/v1\/wp-json\/wp\/v2\/comments?post=17538"}],"version-history":[{"count":1,"href":"https:\/\/www.brazilianpress.com\/v1\/wp-json\/wp\/v2\/posts\/17538\/revisions"}],"predecessor-version":[{"id":17541,"href":"https:\/\/www.brazilianpress.com\/v1\/wp-json\/wp\/v2\/posts\/17538\/revisions\/17541"}],"wp:featuredmedia":[{"embeddable":true,"href":"https:\/\/www.brazilianpress.com\/v1\/wp-json\/wp\/v2\/media\/17539"}],"wp:attachment":[{"href":"https:\/\/www.brazilianpress.com\/v1\/wp-json\/wp\/v2\/media?parent=17538"}],"wp:term":[{"taxonomy":"category","embeddable":true,"href":"https:\/\/www.brazilianpress.com\/v1\/wp-json\/wp\/v2\/categories?post=17538"},{"taxonomy":"post_tag","embeddable":true,"href":"https:\/\/www.brazilianpress.com\/v1\/wp-json\/wp\/v2\/tags?post=17538"}],"curies":[{"name":"wp","href":"https:\/\/api.w.org\/{rel}","templated":true}]}}