{"id":17542,"date":"2015-10-01T14:04:16","date_gmt":"2015-10-01T18:04:16","guid":{"rendered":"http:\/\/www.brazilianpress.com\/v1\/?p=17542"},"modified":"2015-10-01T14:04:16","modified_gmt":"2015-10-01T18:04:16","slug":"flashes-53rd-new-york-film-festival-opening-night","status":"publish","type":"post","link":"https:\/\/www.brazilianpress.com\/v1\/2015\/10\/01\/flashes-53rd-new-york-film-festival-opening-night\/","title":{"rendered":"Flashes 53rd New York Film Festival: Opening Night"},"content":{"rendered":"<p><img loading=\"lazy\" class=\"alignnone size-full wp-image-17543\" src=\"http:\/\/www.brazilianpress.com\/v1\/wp-content\/uploads\/2015\/10\/53-nyff-opening-night-1.jpg\" alt=\"53 nyff opening night (1)\" width=\"450\" height=\"300\" srcset=\"https:\/\/www.brazilianpress.com\/v1\/wp-content\/uploads\/2015\/10\/53-nyff-opening-night-1.jpg 450w, https:\/\/www.brazilianpress.com\/v1\/wp-content\/uploads\/2015\/10\/53-nyff-opening-night-1-300x200.jpg 300w\" sizes=\"(max-width: 450px) 100vw, 450px\" \/><\/p>\n<p><strong><em>Roger Costa-<\/em><\/strong> O New York Film Festival iniciou sua 53\u00aa edi\u00e7\u00e3o com uma programa\u00e7\u00e3o ilustre no \u00faltimo s\u00e1bado(26), abrigando a world premiere do novo filme de Robert Zemeckys, \u201cThe Walk\u201d estrelado por Joseph Gordon-Levitt, e atraindo amantes da s\u00e9tima arte para prestigiar o Festival de Cinema mais importante do pa\u00eds.<!--more--> Realizado pela organiza\u00e7\u00e3o Film Society of Lincoln Center, o NYFF prossegue at\u00e9 11 de Outubro, com a presen\u00e7a de v\u00e1rias estrelas e profissionais da ind\u00fastria, exibindo filmes cultuados, mostras paralelas, f\u00f3runs gratuitos, e produ\u00e7\u00f5es na mira do Oscar. Acesse <a href=\"http:\/\/www.BrazilianPress.com\">www.BrazilianPress.com<\/a> para cobertura de fotos exclusivas. Visite <a href=\"http:\/\/www.filmlinc.com\/nyff\">www.filmlinc.com\/nyff<\/a> para detalhes.<\/p>\n<p><img loading=\"lazy\" class=\"alignnone size-full wp-image-17544\" src=\"http:\/\/www.brazilianpress.com\/v1\/wp-content\/uploads\/2015\/10\/53-nyff-opening-night-10.jpg\" alt=\"53 nyff opening night (10)\" width=\"450\" height=\"300\" srcset=\"https:\/\/www.brazilianpress.com\/v1\/wp-content\/uploads\/2015\/10\/53-nyff-opening-night-10.jpg 450w, https:\/\/www.brazilianpress.com\/v1\/wp-content\/uploads\/2015\/10\/53-nyff-opening-night-10-300x200.jpg 300w\" sizes=\"(max-width: 450px) 100vw, 450px\" \/> <img loading=\"lazy\" class=\"alignnone size-full wp-image-17545\" src=\"http:\/\/www.brazilianpress.com\/v1\/wp-content\/uploads\/2015\/10\/53-nyff-opening-night-2.jpg\" alt=\"53 nyff opening night (2)\" width=\"450\" height=\"300\" srcset=\"https:\/\/www.brazilianpress.com\/v1\/wp-content\/uploads\/2015\/10\/53-nyff-opening-night-2.jpg 450w, https:\/\/www.brazilianpress.com\/v1\/wp-content\/uploads\/2015\/10\/53-nyff-opening-night-2-300x200.jpg 300w\" sizes=\"(max-width: 450px) 100vw, 450px\" \/> <img loading=\"lazy\" class=\"alignnone size-full wp-image-17546\" src=\"http:\/\/www.brazilianpress.com\/v1\/wp-content\/uploads\/2015\/10\/53-nyff-opening-night-3.jpg\" alt=\"53 nyff opening night (3)\" width=\"450\" height=\"300\" srcset=\"https:\/\/www.brazilianpress.com\/v1\/wp-content\/uploads\/2015\/10\/53-nyff-opening-night-3.jpg 450w, https:\/\/www.brazilianpress.com\/v1\/wp-content\/uploads\/2015\/10\/53-nyff-opening-night-3-300x200.jpg 300w\" sizes=\"(max-width: 450px) 100vw, 450px\" \/> <img loading=\"lazy\" class=\"alignnone size-full wp-image-17547\" src=\"http:\/\/www.brazilianpress.com\/v1\/wp-content\/uploads\/2015\/10\/53-nyff-opening-night-4.jpg\" alt=\"53 nyff opening night (4)\" width=\"450\" height=\"300\" srcset=\"https:\/\/www.brazilianpress.com\/v1\/wp-content\/uploads\/2015\/10\/53-nyff-opening-night-4.jpg 450w, https:\/\/www.brazilianpress.com\/v1\/wp-content\/uploads\/2015\/10\/53-nyff-opening-night-4-300x200.jpg 300w\" sizes=\"(max-width: 450px) 100vw, 450px\" \/> <img loading=\"lazy\" class=\"alignnone size-full wp-image-17548\" src=\"http:\/\/www.brazilianpress.com\/v1\/wp-content\/uploads\/2015\/10\/53-nyff-opening-night-5.jpg\" alt=\"53 nyff opening night (5)\" width=\"450\" height=\"300\" srcset=\"https:\/\/www.brazilianpress.com\/v1\/wp-content\/uploads\/2015\/10\/53-nyff-opening-night-5.jpg 450w, https:\/\/www.brazilianpress.com\/v1\/wp-content\/uploads\/2015\/10\/53-nyff-opening-night-5-300x200.jpg 300w\" sizes=\"(max-width: 450px) 100vw, 450px\" \/> <img loading=\"lazy\" class=\"alignnone size-full wp-image-17549\" src=\"http:\/\/www.brazilianpress.com\/v1\/wp-content\/uploads\/2015\/10\/53-nyff-opening-night-6.jpg\" alt=\"53 nyff opening night (6)\" width=\"450\" height=\"300\" srcset=\"https:\/\/www.brazilianpress.com\/v1\/wp-content\/uploads\/2015\/10\/53-nyff-opening-night-6.jpg 450w, https:\/\/www.brazilianpress.com\/v1\/wp-content\/uploads\/2015\/10\/53-nyff-opening-night-6-300x200.jpg 300w\" sizes=\"(max-width: 450px) 100vw, 450px\" \/> <img loading=\"lazy\" class=\"alignnone size-full wp-image-17550\" src=\"http:\/\/www.brazilianpress.com\/v1\/wp-content\/uploads\/2015\/10\/53-nyff-opening-night-7.jpg\" alt=\"53 nyff opening night (7)\" width=\"450\" height=\"300\" srcset=\"https:\/\/www.brazilianpress.com\/v1\/wp-content\/uploads\/2015\/10\/53-nyff-opening-night-7.jpg 450w, https:\/\/www.brazilianpress.com\/v1\/wp-content\/uploads\/2015\/10\/53-nyff-opening-night-7-300x200.jpg 300w\" sizes=\"(max-width: 450px) 100vw, 450px\" \/> <img loading=\"lazy\" class=\"alignnone size-full wp-image-17551\" src=\"http:\/\/www.brazilianpress.com\/v1\/wp-content\/uploads\/2015\/10\/53-nyff-opening-night-8.jpg\" alt=\"53 nyff opening night (8)\" width=\"450\" height=\"300\" srcset=\"https:\/\/www.brazilianpress.com\/v1\/wp-content\/uploads\/2015\/10\/53-nyff-opening-night-8.jpg 450w, https:\/\/www.brazilianpress.com\/v1\/wp-content\/uploads\/2015\/10\/53-nyff-opening-night-8-300x200.jpg 300w\" sizes=\"(max-width: 450px) 100vw, 450px\" \/> <img loading=\"lazy\" class=\"alignnone size-full wp-image-17552\" src=\"http:\/\/www.brazilianpress.com\/v1\/wp-content\/uploads\/2015\/10\/53-nyff-opening-night-9.jpg\" alt=\"53 nyff opening night (9)\" width=\"450\" height=\"300\" srcset=\"https:\/\/www.brazilianpress.com\/v1\/wp-content\/uploads\/2015\/10\/53-nyff-opening-night-9.jpg 450w, https:\/\/www.brazilianpress.com\/v1\/wp-content\/uploads\/2015\/10\/53-nyff-opening-night-9-300x200.jpg 300w\" sizes=\"(max-width: 450px) 100vw, 450px\" \/><\/p>\n","protected":false},"excerpt":{"rendered":"<p>Roger Costa- O New York Film Festival iniciou sua 53\u00aa edi\u00e7\u00e3o com uma programa\u00e7\u00e3o ilustre no \u00faltimo s\u00e1bado(26), abrigando a world premiere do novo filme de Robert Zemeckys, \u201cThe Walk\u201d estrelado por Joseph Gordon-Levitt, e atraindo amantes da s\u00e9tima arte para prestigiar o Festival de Cinema mais importante do pa\u00eds.<\/p>\n","protected":false},"author":1,"featured_media":17543,"comment_status":"open","ping_status":"open","sticky":false,"template":"","format":"standard","meta":{"_links_to":"","_links_to_target":""},"categories":[4,19,1],"tags":[],"views":2197,"_links":{"self":[{"href":"https:\/\/www.brazilianpress.com\/v1\/wp-json\/wp\/v2\/posts\/17542"}],"collection":[{"href":"https:\/\/www.brazilianpress.com\/v1\/wp-json\/wp\/v2\/posts"}],"about":[{"href":"https:\/\/www.brazilianpress.com\/v1\/wp-json\/wp\/v2\/types\/post"}],"author":[{"embeddable":true,"href":"https:\/\/www.brazilianpress.com\/v1\/wp-json\/wp\/v2\/users\/1"}],"replies":[{"embeddable":true,"href":"https:\/\/www.brazilianpress.com\/v1\/wp-json\/wp\/v2\/comments?post=17542"}],"version-history":[{"count":1,"href":"https:\/\/www.brazilianpress.com\/v1\/wp-json\/wp\/v2\/posts\/17542\/revisions"}],"predecessor-version":[{"id":17553,"href":"https:\/\/www.brazilianpress.com\/v1\/wp-json\/wp\/v2\/posts\/17542\/revisions\/17553"}],"wp:featuredmedia":[{"embeddable":true,"href":"https:\/\/www.brazilianpress.com\/v1\/wp-json\/wp\/v2\/media\/17543"}],"wp:attachment":[{"href":"https:\/\/www.brazilianpress.com\/v1\/wp-json\/wp\/v2\/media?parent=17542"}],"wp:term":[{"taxonomy":"category","embeddable":true,"href":"https:\/\/www.brazilianpress.com\/v1\/wp-json\/wp\/v2\/categories?post=17542"},{"taxonomy":"post_tag","embeddable":true,"href":"https:\/\/www.brazilianpress.com\/v1\/wp-json\/wp\/v2\/tags?post=17542"}],"curies":[{"name":"wp","href":"https:\/\/api.w.org\/{rel}","templated":true}]}}