{"id":17554,"date":"2015-10-01T14:06:47","date_gmt":"2015-10-01T18:06:47","guid":{"rendered":"http:\/\/www.brazilianpress.com\/v1\/?p=17554"},"modified":"2015-10-01T14:06:47","modified_gmt":"2015-10-01T18:06:47","slug":"escritora-brasileira-recebe-medalha-machado-de-assis","status":"publish","type":"post","link":"https:\/\/www.brazilianpress.com\/v1\/2015\/10\/01\/escritora-brasileira-recebe-medalha-machado-de-assis\/","title":{"rendered":"Escritora brasileira recebe Medalha Machado de Assis"},"content":{"rendered":"<p><img loading=\"lazy\" class=\"alignnone size-full wp-image-17555\" src=\"http:\/\/www.brazilianpress.com\/v1\/wp-content\/uploads\/2015\/10\/yara-laura-medalha-machado-de-assis.jpg\" alt=\"yara laura medalha machado de assis\" width=\"500\" height=\"254\" srcset=\"https:\/\/www.brazilianpress.com\/v1\/wp-content\/uploads\/2015\/10\/yara-laura-medalha-machado-de-assis.jpg 500w, https:\/\/www.brazilianpress.com\/v1\/wp-content\/uploads\/2015\/10\/yara-laura-medalha-machado-de-assis-300x152.jpg 300w\" sizes=\"(max-width: 500px) 100vw, 500px\" \/><\/p>\n<p><strong>A solenidade aconteceu na New York University, em Nova York, no IV Encontro de Escritores Brasileiros no Exterior, aconteceu em Nova York , na New York University onde a poeta Yara Maura Silva \u2013 irm\u00e3 do cartunista, Mauricio de Sousa \u2013 foi homenageada.<\/strong><br \/>\n<!--more--><\/p>\n<p>A solenidade do BEA \u2013 Brazilian Endowment For The Arts -, marcando o &#8220;IV Encontro de Escritores Brasileiros no Exterior&#8221;, na New York University, em Nova York, reuniu personalidades empresarias, imprensa e intelectuais, ocasi\u00e3o em que a consagrada escritora e poeta, Yara Maura Silva \u2013 irm\u00e3 do cartunista, Mauricio de Sousa-, recebeu a Medalha do M\u00e9rito Machado de Assis. A autora de livros infantis educacionais, como a &#8220;Turma da M\u00f4nica&#8221;, fez importante discurso de agradecimento, enaltecendo a vida e a obra de Machado de Assis na Literatura, pontuando a c\u00e9lebre frase do autor, dita no dia 20 de julho de 1897, quando assumiu a presid\u00eancia da Academia Brasileira de Letras: &#8220;De todas as coisas humanas, a \u00fanica que tem o fim em si mesma \u00e9 a arte!&#8221;<\/p>\n<p>A escritora fez men\u00e7\u00e3o ao presidente da Biblioteca Machado de Assis, em Nova York, Dom\u00edcio Coutinho, que a indicou para receber a significativa medalha, em reconhecimento \u00e0 sua contribui\u00e7\u00e3o como escritora de Literatura Infanto Juvenil Brasileira, no desenvolvimento intelectual das crian\u00e7as. &#8220;Pe\u00e7o emprestadas aqui, as palavras de Machado de Assis: \u00b4Agora que vos agrade\u00e7o a escolha, digo-vos que buscarei na medida do poss\u00edvel corresponder \u00e0 vossa confian\u00e7a.&#8221;<\/p>\n","protected":false},"excerpt":{"rendered":"<p>A solenidade aconteceu na New York University, em Nova York, no IV Encontro de Escritores Brasileiros no Exterior, aconteceu em Nova York , na New York University onde a poeta Yara Maura Silva \u2013 irm\u00e3 do cartunista, Mauricio de Sousa \u2013 foi homenageada.<\/p>\n","protected":false},"author":1,"featured_media":17555,"comment_status":"open","ping_status":"open","sticky":false,"template":"","format":"standard","meta":{"_links_to":"","_links_to_target":""},"categories":[4,1],"tags":[],"views":2180,"_links":{"self":[{"href":"https:\/\/www.brazilianpress.com\/v1\/wp-json\/wp\/v2\/posts\/17554"}],"collection":[{"href":"https:\/\/www.brazilianpress.com\/v1\/wp-json\/wp\/v2\/posts"}],"about":[{"href":"https:\/\/www.brazilianpress.com\/v1\/wp-json\/wp\/v2\/types\/post"}],"author":[{"embeddable":true,"href":"https:\/\/www.brazilianpress.com\/v1\/wp-json\/wp\/v2\/users\/1"}],"replies":[{"embeddable":true,"href":"https:\/\/www.brazilianpress.com\/v1\/wp-json\/wp\/v2\/comments?post=17554"}],"version-history":[{"count":1,"href":"https:\/\/www.brazilianpress.com\/v1\/wp-json\/wp\/v2\/posts\/17554\/revisions"}],"predecessor-version":[{"id":17556,"href":"https:\/\/www.brazilianpress.com\/v1\/wp-json\/wp\/v2\/posts\/17554\/revisions\/17556"}],"wp:featuredmedia":[{"embeddable":true,"href":"https:\/\/www.brazilianpress.com\/v1\/wp-json\/wp\/v2\/media\/17555"}],"wp:attachment":[{"href":"https:\/\/www.brazilianpress.com\/v1\/wp-json\/wp\/v2\/media?parent=17554"}],"wp:term":[{"taxonomy":"category","embeddable":true,"href":"https:\/\/www.brazilianpress.com\/v1\/wp-json\/wp\/v2\/categories?post=17554"},{"taxonomy":"post_tag","embeddable":true,"href":"https:\/\/www.brazilianpress.com\/v1\/wp-json\/wp\/v2\/tags?post=17554"}],"curies":[{"name":"wp","href":"https:\/\/api.w.org\/{rel}","templated":true}]}}