{"id":17569,"date":"2015-10-01T14:16:45","date_gmt":"2015-10-01T18:16:45","guid":{"rendered":"http:\/\/www.brazilianpress.com\/v1\/?p=17569"},"modified":"2015-10-08T06:12:15","modified_gmt":"2015-10-08T10:12:15","slug":"tempestade-tropical-joaquim-pode-se-tornar-um-furacao-nas-proximas-horas","status":"publish","type":"post","link":"https:\/\/www.brazilianpress.com\/v1\/2015\/10\/01\/tempestade-tropical-joaquim-pode-se-tornar-um-furacao-nas-proximas-horas\/","title":{"rendered":"Tempestade tropical Joaquim pode se tornar um furac\u00e3o nas pr\u00f3ximas horas"},"content":{"rendered":"<p><a href=\"http:\/\/www.brazilianpress.com\/v1\/wp-content\/uploads\/2015\/10\/hurricane-joaquin.jpg\" class=\"gallery_colorbox\"><img loading=\"lazy\" class=\"alignnone wp-image-17572\" src=\"http:\/\/www.brazilianpress.com\/v1\/wp-content\/uploads\/2015\/10\/hurricane-joaquin.jpg\"  alt=\"hurricane joaquin\" width=\"500\" height=\"301\" srcset=\"https:\/\/www.brazilianpress.com\/v1\/wp-content\/uploads\/2015\/10\/hurricane-joaquin.jpg 829w, https:\/\/www.brazilianpress.com\/v1\/wp-content\/uploads\/2015\/10\/hurricane-joaquin-300x181.jpg 300w\" sizes=\"(max-width: 500px) 100vw, 500px\" \/><\/a><\/p>\n<p>Na ter\u00e7a-feira (29), a tempestade tropical Joaquim ganhou for\u00e7a sobre as \u00e1guas do Atl\u00e2ntico e pode tornar-se um furac\u00e3o de categoria 2 (110 km por hora) nas pr\u00f3ximas horas, enquanto avan\u00e7a para as Bahamas.<!--more--> Est\u00e1 se movendo paralelamente ao norte da Costa Leste dos Estados Unidos, e alertamos todas as pessoas que vivem de Charleston, na Carolina do Sul a Toms River ao longo da costa de New Jersey, para que monitorem o controle do furac\u00e3o Joaquin nos pr\u00f3ximos dias nas \u00e1reas mencionadas. Verifique no blog <strong>DoctorAdvice4u.com<\/strong> para as mais recentes not\u00edcias, mapas, informa\u00e7\u00f5es de sat\u00e9lites, radares e atualiza\u00e7\u00f5es de informa\u00e7\u00f5es. Joaquim \u00e9 a 10\u00aa tempestade da temporada de furac\u00f5es do Atl\u00e2ntico, que come\u00e7ou em junho e termina em novembro.<\/p>\n","protected":false},"excerpt":{"rendered":"<p>Na ter\u00e7a-feira (29), a tempestade tropical Joaquim ganhou for\u00e7a sobre as \u00e1guas do Atl\u00e2ntico e pode tornar-se um furac\u00e3o de categoria 2 (110 km por hora) nas pr\u00f3ximas horas, enquanto avan\u00e7a para as Bahamas.<\/p>\n","protected":false},"author":1,"featured_media":17572,"comment_status":"open","ping_status":"open","sticky":false,"template":"","format":"standard","meta":{"_links_to":"","_links_to_target":""},"categories":[4,1],"tags":[],"views":3036,"_links":{"self":[{"href":"https:\/\/www.brazilianpress.com\/v1\/wp-json\/wp\/v2\/posts\/17569"}],"collection":[{"href":"https:\/\/www.brazilianpress.com\/v1\/wp-json\/wp\/v2\/posts"}],"about":[{"href":"https:\/\/www.brazilianpress.com\/v1\/wp-json\/wp\/v2\/types\/post"}],"author":[{"embeddable":true,"href":"https:\/\/www.brazilianpress.com\/v1\/wp-json\/wp\/v2\/users\/1"}],"replies":[{"embeddable":true,"href":"https:\/\/www.brazilianpress.com\/v1\/wp-json\/wp\/v2\/comments?post=17569"}],"version-history":[{"count":3,"href":"https:\/\/www.brazilianpress.com\/v1\/wp-json\/wp\/v2\/posts\/17569\/revisions"}],"predecessor-version":[{"id":17574,"href":"https:\/\/www.brazilianpress.com\/v1\/wp-json\/wp\/v2\/posts\/17569\/revisions\/17574"}],"wp:featuredmedia":[{"embeddable":true,"href":"https:\/\/www.brazilianpress.com\/v1\/wp-json\/wp\/v2\/media\/17572"}],"wp:attachment":[{"href":"https:\/\/www.brazilianpress.com\/v1\/wp-json\/wp\/v2\/media?parent=17569"}],"wp:term":[{"taxonomy":"category","embeddable":true,"href":"https:\/\/www.brazilianpress.com\/v1\/wp-json\/wp\/v2\/categories?post=17569"},{"taxonomy":"post_tag","embeddable":true,"href":"https:\/\/www.brazilianpress.com\/v1\/wp-json\/wp\/v2\/tags?post=17569"}],"curies":[{"name":"wp","href":"https:\/\/api.w.org\/{rel}","templated":true}]}}