{"id":18553,"date":"2015-11-12T08:51:27","date_gmt":"2015-11-12T12:51:27","guid":{"rendered":"http:\/\/www.brazilianpress.com\/v1\/?p=18553"},"modified":"2015-11-19T09:05:50","modified_gmt":"2015-11-19T13:05:50","slug":"social-press-12112015","status":"publish","type":"post","link":"https:\/\/www.brazilianpress.com\/v1\/2015\/11\/12\/social-press-12112015\/","title":{"rendered":"Social Press . 12\/11\/2015"},"content":{"rendered":"<p><em><strong><img loading=\"lazy\" class=\"alignnone size-full wp-image-18549\" src=\"http:\/\/www.brazilianpress.com\/v1\/wp-content\/uploads\/2015\/11\/social-press-ed1757-20151112-6.jpg\" alt=\"social press ed1757 20151112 (6)\" width=\"450\" height=\"300\" srcset=\"https:\/\/www.brazilianpress.com\/v1\/wp-content\/uploads\/2015\/11\/social-press-ed1757-20151112-6.jpg 450w, https:\/\/www.brazilianpress.com\/v1\/wp-content\/uploads\/2015\/11\/social-press-ed1757-20151112-6-300x200.jpg 300w\" sizes=\"(max-width: 450px) 100vw, 450px\" \/><br \/>\nQue a Gra\u00e7a e a Luz de Nosso Senhor Jesus ilumine sempre D. Consuelita, que celebrou 90 anos com muita alegria ao lado da grande fam\u00edlia em Valadares.<\/strong><\/em><\/p>\n<p><em><strong><img loading=\"lazy\" class=\"alignnone size-full wp-image-18545\" src=\"http:\/\/www.brazilianpress.com\/v1\/wp-content\/uploads\/2015\/11\/social-press-ed1757-20151112-2.jpg\" alt=\"social press ed1757 20151112 (2)\" width=\"450\" height=\"300\" srcset=\"https:\/\/www.brazilianpress.com\/v1\/wp-content\/uploads\/2015\/11\/social-press-ed1757-20151112-2.jpg 450w, https:\/\/www.brazilianpress.com\/v1\/wp-content\/uploads\/2015\/11\/social-press-ed1757-20151112-2-300x200.jpg 300w\" sizes=\"(max-width: 450px) 100vw, 450px\" \/><br \/>\nGreetings to the Jancu Family, here exploring the new exhibition \u201cThe Secret World Inside You\u201d with presenter Leonid Sukala at American Museum of Natural History.<\/strong><\/em><!--more--><\/p>\n<p><em><strong><img loading=\"lazy\" class=\"alignnone size-full wp-image-18546\" src=\"http:\/\/www.brazilianpress.com\/v1\/wp-content\/uploads\/2015\/11\/social-press-ed1757-20151112-3.jpg\" alt=\"social press ed1757 20151112 (3)\" width=\"450\" height=\"300\" srcset=\"https:\/\/www.brazilianpress.com\/v1\/wp-content\/uploads\/2015\/11\/social-press-ed1757-20151112-3.jpg 450w, https:\/\/www.brazilianpress.com\/v1\/wp-content\/uploads\/2015\/11\/social-press-ed1757-20151112-3-300x200.jpg 300w\" sizes=\"(max-width: 450px) 100vw, 450px\" \/><br \/>\nOs amigos Clifford Senat e Gomez prestando assist\u00eancia aos visitantes do badalado MoMA-Museum of Modern Arts! Salud!<\/strong><\/em><\/p>\n<p><em><strong><img loading=\"lazy\" class=\"alignnone size-full wp-image-18547\" src=\"http:\/\/www.brazilianpress.com\/v1\/wp-content\/uploads\/2015\/11\/social-press-ed1757-20151112-4.jpg\" alt=\"social press ed1757 20151112 (4)\" width=\"300\" height=\"533\" srcset=\"https:\/\/www.brazilianpress.com\/v1\/wp-content\/uploads\/2015\/11\/social-press-ed1757-20151112-4.jpg 300w, https:\/\/www.brazilianpress.com\/v1\/wp-content\/uploads\/2015\/11\/social-press-ed1757-20151112-4-169x300.jpg 169w\" sizes=\"(max-width: 300px) 100vw, 300px\" \/><br \/>\nNosso amigo e leitor Alan Lima est\u00e1 desfrutando de momentos preciosos e turistando com a mam\u00e3e Sirlene pela Grande Ma\u00e7\u00e3.<\/strong><\/em><\/p>\n<p><em><strong><img loading=\"lazy\" class=\"alignnone size-full wp-image-18548\" src=\"http:\/\/www.brazilianpress.com\/v1\/wp-content\/uploads\/2015\/11\/social-press-ed1757-20151112-5.jpg\" alt=\"social press ed1757 20151112 (5)\" width=\"400\" height=\"400\" srcset=\"https:\/\/www.brazilianpress.com\/v1\/wp-content\/uploads\/2015\/11\/social-press-ed1757-20151112-5.jpg 400w, https:\/\/www.brazilianpress.com\/v1\/wp-content\/uploads\/2015\/11\/social-press-ed1757-20151112-5-150x150.jpg 150w, https:\/\/www.brazilianpress.com\/v1\/wp-content\/uploads\/2015\/11\/social-press-ed1757-20151112-5-300x300.jpg 300w\" sizes=\"(max-width: 400px) 100vw, 400px\" \/><br \/>\nUltra cool e por dentro das novidades culturais, Andrea DiMattina conferiu a exposi\u00e7\u00e3o de Frida Kahlo no Jardim Bot\u00e2nico em New York.<\/strong><\/em><\/p>\n<p><em><strong><img loading=\"lazy\" class=\"alignnone size-full wp-image-18544\" src=\"http:\/\/www.brazilianpress.com\/v1\/wp-content\/uploads\/2015\/11\/social-press-ed1757-20151112-1.jpg\" alt=\"social press ed1757 20151112 (1)\" width=\"400\" height=\"400\" srcset=\"https:\/\/www.brazilianpress.com\/v1\/wp-content\/uploads\/2015\/11\/social-press-ed1757-20151112-1.jpg 400w, https:\/\/www.brazilianpress.com\/v1\/wp-content\/uploads\/2015\/11\/social-press-ed1757-20151112-1-150x150.jpg 150w, https:\/\/www.brazilianpress.com\/v1\/wp-content\/uploads\/2015\/11\/social-press-ed1757-20151112-1-300x300.jpg 300w\" sizes=\"(max-width: 400px) 100vw, 400px\" \/><br \/>\nForte abra\u00e7o \u00e0 gatinha Micaelli Souza arrasando no charme e na simpatia, caracter\u00edsticas da mulher brasileira!<\/strong><\/em><\/p>\n","protected":false},"excerpt":{"rendered":"<p>Que a Gra\u00e7a e a Luz de Nosso Senhor Jesus ilumine sempre D. Consuelita, que celebrou 90 anos com muita alegria ao lado da grande fam\u00edlia em Valadares. Greetings to the Jancu Family, here exploring the new exhibition \u201cThe Secret World Inside You\u201d with presenter Leonid Sukala at American Museum of Natural History.<\/p>\n","protected":false},"author":1,"featured_media":18549,"comment_status":"open","ping_status":"open","sticky":false,"template":"","format":"standard","meta":{"_links_to":"","_links_to_target":""},"categories":[4,19,1,6],"tags":[],"views":2395,"_links":{"self":[{"href":"https:\/\/www.brazilianpress.com\/v1\/wp-json\/wp\/v2\/posts\/18553"}],"collection":[{"href":"https:\/\/www.brazilianpress.com\/v1\/wp-json\/wp\/v2\/posts"}],"about":[{"href":"https:\/\/www.brazilianpress.com\/v1\/wp-json\/wp\/v2\/types\/post"}],"author":[{"embeddable":true,"href":"https:\/\/www.brazilianpress.com\/v1\/wp-json\/wp\/v2\/users\/1"}],"replies":[{"embeddable":true,"href":"https:\/\/www.brazilianpress.com\/v1\/wp-json\/wp\/v2\/comments?post=18553"}],"version-history":[{"count":1,"href":"https:\/\/www.brazilianpress.com\/v1\/wp-json\/wp\/v2\/posts\/18553\/revisions"}],"predecessor-version":[{"id":18554,"href":"https:\/\/www.brazilianpress.com\/v1\/wp-json\/wp\/v2\/posts\/18553\/revisions\/18554"}],"wp:featuredmedia":[{"embeddable":true,"href":"https:\/\/www.brazilianpress.com\/v1\/wp-json\/wp\/v2\/media\/18549"}],"wp:attachment":[{"href":"https:\/\/www.brazilianpress.com\/v1\/wp-json\/wp\/v2\/media?parent=18553"}],"wp:term":[{"taxonomy":"category","embeddable":true,"href":"https:\/\/www.brazilianpress.com\/v1\/wp-json\/wp\/v2\/categories?post=18553"},{"taxonomy":"post_tag","embeddable":true,"href":"https:\/\/www.brazilianpress.com\/v1\/wp-json\/wp\/v2\/tags?post=18553"}],"curies":[{"name":"wp","href":"https:\/\/api.w.org\/{rel}","templated":true}]}}