{"id":18560,"date":"2015-11-12T09:37:27","date_gmt":"2015-11-12T13:37:27","guid":{"rendered":"http:\/\/www.brazilianpress.com\/v1\/?p=18560"},"modified":"2015-11-12T09:37:27","modified_gmt":"2015-11-12T13:37:27","slug":"francisco-sampa-quem-tem-cunha-tem-medo","status":"publish","type":"post","link":"https:\/\/www.brazilianpress.com\/v1\/2015\/11\/12\/francisco-sampa-quem-tem-cunha-tem-medo\/","title":{"rendered":"Francisco Sampa: Quem tem Cunha tem medo&#8230;"},"content":{"rendered":"<p><img loading=\"lazy\" class=\"alignright size-full wp-image-94\" src=\"http:\/\/www.brazilianpress.com\/v1\/wp-content\/uploads\/2013\/04\/francisco_sampa.jpg\" alt=\"francisco_sampa\" width=\"200\" height=\"300\" \/>No mundo\u00a0jur\u00eddico existe uma coisa chamada o princ\u00edpio do contradit\u00f3rio e o benef\u00edcio da d\u00favida, al\u00e9m do famoso\u00a0\u00f4nus da prova, que cabe a quem\u00a0faz as acusa\u00e7\u00f5es. Tudo muito bem e correto, afinal est\u00e1 e consta na lei, e as leis foram feitas para serem respeitadas, coisa rara no Brasil desde o descobrimento&#8230; <!--more--><\/p>\n<p>J\u00e1 que o povo brasileiro\u00a0 esquece que a lei \u00e9 baseada em direitos e deveres, mas\u00a0 o nosso\u00a0 amado, pac\u00edfico, frouxo e pacato povo s\u00f3 abre a boca para dizer: \u2018eu tenho meus direitos\u2019, j\u00e1 os deveres que se explodam, o presidente cara de pau, data v\u00eania, ops,\u00a0da C\u00e2mara dos Deputados,\u00a0est\u00e1 deitando e rolando nas brechas jur\u00eddicas sobre a grana na Su\u00ed\u00e7a, que disse n\u00e3o ter e agora com provas f\u00edsicas suficientes para incrimin\u00e1-lo, ele admite ser o benefici\u00e1rio, mas n\u00e3o o dono&#8230;\u00a0 Haja cinismo\u00a0deste ser que tem o poder\u00a0nas m\u00e3os l\u00e1 no Planalto Central, o deputado sabe o poder de fogo\u00a0que det\u00e9m nas m\u00e3os e na ponta da caneta, por isso vai empurrando com a barriga toda essa crise eco, social, financeira brasileira, cuja base \u00e9 simples e vem desde os tempos\u00a0dos pux\u00f5es de orelha da Dona Carmelita, ai minha orelha. \u00c9 muita falta de \u00e9tica ou a popular vergonha na cara do povo frouxo, pacato, acomodado brasileiro. Os caras roubam, mentem, enganam e fica por isso mesmo. A \u00fanica verdade que o presidente da c\u00e2mara disse desde que estourou o esc\u00e2ndalo foi: \u2018\u2019se derrubo a Dilma, voc\u00eas me derrubar\u00e3o em seguida\u2019\u2019, se referindo aos seus pares\u00a0no Congresso Nacional. O povo n\u00e3o \u00e9 cego, o povo n\u00e3o \u00e9 burro, a\u00ed est\u00e3o as provas vindas dos bancos su\u00ed\u00e7os e todos est\u00e3o calados, sentados sobre o gl\u00fateo malhado ou ca\u00eddo como boa parte dos gl\u00fateos\u00a0mundo afora, o povo grita, a chiadeira \u00e9 geral, por\u00e9m de fato e de direito nada fazem em prol para mudar essa triste\u00a0realidade que vivenciamos.<\/p>\n<p>Pois \u00e9 amigos,\u00a0nosso destino n\u00e3o est\u00e1 nas m\u00e3os do Cunha ou da Dilma, o destino do nosso pa\u00eds e das nossas vidas est\u00e1 em nossas m\u00e3os, mas\u00a0como quem tem Cunha tem medo, seja l\u00e1 o que Deus quiser.\u00a0Vamos continuar lutando em prol de dias e de um pa\u00eds melhor. Que cada um fa\u00e7a a sua parte. Neste momento o que voc\u00ea est\u00e1 fazendo em prol de dias melhores e de um pa\u00eds pr\u00f3spero e justo?<\/p>\n<p>Do ensolarado Cear\u00e1, para todos os nossos leitores uma semana pr\u00f3spera e aben\u00e7oada.<\/p>\n","protected":false},"excerpt":{"rendered":"<p>No mundo\u00a0jur\u00eddico existe uma coisa chamada o princ\u00edpio do contradit\u00f3rio e o benef\u00edcio da d\u00favida, al\u00e9m do famoso\u00a0\u00f4nus da prova, que cabe a quem\u00a0faz as acusa\u00e7\u00f5es. Tudo muito bem e correto, afinal est\u00e1 e consta na lei, e as leis foram feitas para serem respeitadas, coisa rara no Brasil desde o descobrimento&#8230;<\/p>\n","protected":false},"author":1,"featured_media":94,"comment_status":"open","ping_status":"open","sticky":false,"template":"","format":"standard","meta":{"_links_to":"","_links_to_target":""},"categories":[17,1],"tags":[],"views":2819,"_links":{"self":[{"href":"https:\/\/www.brazilianpress.com\/v1\/wp-json\/wp\/v2\/posts\/18560"}],"collection":[{"href":"https:\/\/www.brazilianpress.com\/v1\/wp-json\/wp\/v2\/posts"}],"about":[{"href":"https:\/\/www.brazilianpress.com\/v1\/wp-json\/wp\/v2\/types\/post"}],"author":[{"embeddable":true,"href":"https:\/\/www.brazilianpress.com\/v1\/wp-json\/wp\/v2\/users\/1"}],"replies":[{"embeddable":true,"href":"https:\/\/www.brazilianpress.com\/v1\/wp-json\/wp\/v2\/comments?post=18560"}],"version-history":[{"count":1,"href":"https:\/\/www.brazilianpress.com\/v1\/wp-json\/wp\/v2\/posts\/18560\/revisions"}],"predecessor-version":[{"id":18561,"href":"https:\/\/www.brazilianpress.com\/v1\/wp-json\/wp\/v2\/posts\/18560\/revisions\/18561"}],"wp:featuredmedia":[{"embeddable":true,"href":"https:\/\/www.brazilianpress.com\/v1\/wp-json\/wp\/v2\/media\/94"}],"wp:attachment":[{"href":"https:\/\/www.brazilianpress.com\/v1\/wp-json\/wp\/v2\/media?parent=18560"}],"wp:term":[{"taxonomy":"category","embeddable":true,"href":"https:\/\/www.brazilianpress.com\/v1\/wp-json\/wp\/v2\/categories?post=18560"},{"taxonomy":"post_tag","embeddable":true,"href":"https:\/\/www.brazilianpress.com\/v1\/wp-json\/wp\/v2\/tags?post=18560"}],"curies":[{"name":"wp","href":"https:\/\/api.w.org\/{rel}","templated":true}]}}