{"id":18631,"date":"2015-11-12T16:31:15","date_gmt":"2015-11-12T20:31:15","guid":{"rendered":"http:\/\/www.brazilianpress.com\/v1\/?p=18631"},"modified":"2015-11-12T16:31:15","modified_gmt":"2015-11-12T20:31:15","slug":"homem-mais-alto-do-mundo-morre-aos-26-anos","status":"publish","type":"post","link":"https:\/\/www.brazilianpress.com\/v1\/2015\/11\/12\/homem-mais-alto-do-mundo-morre-aos-26-anos\/","title":{"rendered":"Homem mais alto do mundo morre aos 26 anos"},"content":{"rendered":"<p><img loading=\"lazy\" class=\"alignnone size-full wp-image-18632\" src=\"http:\/\/www.brazilianpress.com\/v1\/wp-content\/uploads\/2015\/11\/homem-mais-alto.jpg\" alt=\"homem mais alto\" width=\"500\" height=\"333\" srcset=\"https:\/\/www.brazilianpress.com\/v1\/wp-content\/uploads\/2015\/11\/homem-mais-alto.jpg 500w, https:\/\/www.brazilianpress.com\/v1\/wp-content\/uploads\/2015\/11\/homem-mais-alto-300x200.jpg 300w\" sizes=\"(max-width: 500px) 100vw, 500px\" \/><\/p>\n<p><strong>Doen\u00e7a causada pelo crescimento levou o homem a ser hospitalizado.<\/strong><\/p>\n<p>A inst\u00e1vel condi\u00e7\u00e3o m\u00e9dica de Pornchai Saosri impediu-o de receber o t\u00edtulo do homem mais alto do mundo por n\u00e3o ter conseguido se manter direito enquanto estava de p\u00e9.\u00a0<!--more--><\/p>\n<p>O homem, residente em Surin, Tail\u00e2ndia, viu-se afetado pelas doen\u00e7as causadas pelo crescimento at\u00edpico e isso levou-o a ser internado num hospital tailand\u00eas, onde acabou por falecer hoje, aos 26 anos, reporta o The Sun.<\/p>\n<p>Segundo a mesma fonte, Pornchai media cerca de 2.6 metros e enquanto esteve internado, foi tratado e acompanhado pelos pais e pela sobrinha at\u00e9 ao momento da morte.<\/p>\n","protected":false},"excerpt":{"rendered":"<p>Doen\u00e7a causada pelo crescimento levou o homem a ser hospitalizado. A inst\u00e1vel condi\u00e7\u00e3o m\u00e9dica de Pornchai Saosri impediu-o de receber o t\u00edtulo do homem mais alto do mundo por n\u00e3o ter conseguido se manter direito enquanto estava de p\u00e9.\u00a0<\/p>\n","protected":false},"author":1,"featured_media":18632,"comment_status":"open","ping_status":"open","sticky":false,"template":"","format":"standard","meta":{"_links_to":"","_links_to_target":""},"categories":[4,1],"tags":[],"views":4565,"_links":{"self":[{"href":"https:\/\/www.brazilianpress.com\/v1\/wp-json\/wp\/v2\/posts\/18631"}],"collection":[{"href":"https:\/\/www.brazilianpress.com\/v1\/wp-json\/wp\/v2\/posts"}],"about":[{"href":"https:\/\/www.brazilianpress.com\/v1\/wp-json\/wp\/v2\/types\/post"}],"author":[{"embeddable":true,"href":"https:\/\/www.brazilianpress.com\/v1\/wp-json\/wp\/v2\/users\/1"}],"replies":[{"embeddable":true,"href":"https:\/\/www.brazilianpress.com\/v1\/wp-json\/wp\/v2\/comments?post=18631"}],"version-history":[{"count":1,"href":"https:\/\/www.brazilianpress.com\/v1\/wp-json\/wp\/v2\/posts\/18631\/revisions"}],"predecessor-version":[{"id":18633,"href":"https:\/\/www.brazilianpress.com\/v1\/wp-json\/wp\/v2\/posts\/18631\/revisions\/18633"}],"wp:featuredmedia":[{"embeddable":true,"href":"https:\/\/www.brazilianpress.com\/v1\/wp-json\/wp\/v2\/media\/18632"}],"wp:attachment":[{"href":"https:\/\/www.brazilianpress.com\/v1\/wp-json\/wp\/v2\/media?parent=18631"}],"wp:term":[{"taxonomy":"category","embeddable":true,"href":"https:\/\/www.brazilianpress.com\/v1\/wp-json\/wp\/v2\/categories?post=18631"},{"taxonomy":"post_tag","embeddable":true,"href":"https:\/\/www.brazilianpress.com\/v1\/wp-json\/wp\/v2\/tags?post=18631"}],"curies":[{"name":"wp","href":"https:\/\/api.w.org\/{rel}","templated":true}]}}