{"id":18646,"date":"2015-11-12T16:39:53","date_gmt":"2015-11-12T20:39:53","guid":{"rendered":"http:\/\/www.brazilianpress.com\/v1\/?p=18646"},"modified":"2015-11-12T16:39:53","modified_gmt":"2015-11-12T20:39:53","slug":"imagem-de-caranguejo-vivendo-em-tampa-de-pasta-de-dente-mostra-a-dura-realidade-da-poluicao-de-plasticos-no-planeta","status":"publish","type":"post","link":"https:\/\/www.brazilianpress.com\/v1\/2015\/11\/12\/imagem-de-caranguejo-vivendo-em-tampa-de-pasta-de-dente-mostra-a-dura-realidade-da-poluicao-de-plasticos-no-planeta\/","title":{"rendered":"Imagem de caranguejo vivendo em tampa de pasta de dente mostra a dura realidade da polui\u00e7\u00e3o de pl\u00e1sticos no planeta"},"content":{"rendered":"<p><img loading=\"lazy\" class=\"alignnone size-full wp-image-18647\" src=\"http:\/\/www.brazilianpress.com\/v1\/wp-content\/uploads\/2015\/11\/caranguejo.jpg\" alt=\"caranguejo\" width=\"500\" height=\"349\" srcset=\"https:\/\/www.brazilianpress.com\/v1\/wp-content\/uploads\/2015\/11\/caranguejo.jpg 500w, https:\/\/www.brazilianpress.com\/v1\/wp-content\/uploads\/2015\/11\/caranguejo-300x209.jpg 300w\" sizes=\"(max-width: 500px) 100vw, 500px\" \/><\/p>\n<p>Uma foto que circula pela internet mostra um caranguejo-eremita sem carca\u00e7a que recorreu ao uso de uma tampa de creme dental para proteger seu corpo. Esta imagem comovente revela a dura realidade da polui\u00e7\u00e3o do pl\u00e1stico e seus efeitos sobre as criaturas dos oceanos da Terra. De acordo com estimativas recentes, o oceano possui oito milh\u00f5es de toneladas de lixo, o suficiente para encher at\u00e9 seis sacos para cada metro na costa do planeta.<!--more--><\/p>\n<p>A imagem foi postada em uma rede social chamada Reddit, pelo usu\u00e1rio Hscmidt, ap\u00f3s sua namorada avistar o pequeno caranguejo perambulando por uma praia de Cuba. Caranguejos-ermit\u00f5es utilizam conchas para abrigar seus corpos macios e oferecer prote\u00e7\u00e3o extra contra predadores. Eles possuem a necessidade de encontrar novas carca\u00e7as, geralmente sob a forma de outras conchas, \u00e0 medida que crescem.<\/p>\n<p>Cerca de 8 milh\u00f5es de toneladas de garrafas de pl\u00e1stico, bolsas, brinquedos e outros tipos de lixo de origem pl\u00e1stica, acabam nos oceanos do mundo inteiro, anualmente. Por conta das dificuldades em contabilizar o montante, j\u00e1 que grande parte est\u00e1 submersa, os cientistas dizem que o n\u00famero real pode ser de at\u00e9 12,7 milh\u00f5es de toneladas de poluentes nos oceanos a cada ano. Levados pelas correntes marinhas, os res\u00edduos se re\u00fanem em cinco das chamadas \u201cgigantes ilhas de lixo\u201d, presentes nos principais oceanos. No m\u00eas passado, a NASA criou uma visualiza\u00e7\u00e3o desta polui\u00e7\u00e3o destacando que a humanidade est\u00e1 destruindo os oceanos com tais res\u00edduos.<\/p>\n<p>Jenna Jambeck, da Universidade da Ge\u00f3rgia, nos EUA, disse que a popula\u00e7\u00e3o marinha est\u00e1 se tornando \u201coprimida por nossos res\u00edduos\u201d. A equipe tamb\u00e9m advertiu que este \u2018oceano de pl\u00e1stico\u2019 j\u00e1 est\u00e1 prejudicando a vida marinha. Tartarugas podem confundir sacos de pl\u00e1stico com \u00e1gua-viva e com\u00ea-los, tendo seus est\u00f4magos bloqueados, acarretando sua morte, por conta da fome. Aves marinhas tamb\u00e9m confundem pl\u00e1stico com alimentos. Mais de 90% da popula\u00e7\u00e3o de fulmar encontrada morta no Mar do Norte possu\u00eda pl\u00e1stico em seus est\u00f4magos. Tamb\u00e9m existe o temor que isto possa prejudicar a sa\u00fade humana, atrav\u00e9s do consumo de peixes contaminados.<\/p>\n<p>No ano passado, uma imagem horr\u00edvel de um filhote de albatroz, morto em uma praia no norte do Pac\u00edfico, destacou a dimens\u00e3o do problema global. Os cientistas acreditam que as dezenas de tampas de garrafas descartadas, redes de pesca e pl\u00e1stico estilha\u00e7ado em seu est\u00f4mago foram dados ao p\u00e1ssaro por seus pais, que pensaram ser alimentos. Entre 2010 e 2025, cerca de 155 milh\u00f5es de toneladas de pl\u00e1sticos foram despejadas nos oceanos, o suficiente para encher mais de 100 sacos por metro de costa. Empilhados um em cima do outro, os sacos criariam uma parede de lixo de mais de 30 metros de altura em toda a costa oce\u00e2nica global.<\/p>\n","protected":false},"excerpt":{"rendered":"<p>Uma foto que circula pela internet mostra um caranguejo-eremita sem carca\u00e7a que recorreu ao uso de uma tampa de creme dental para proteger seu corpo. Esta imagem comovente revela a dura realidade da polui\u00e7\u00e3o do pl\u00e1stico e seus efeitos sobre as criaturas dos oceanos da Terra. De acordo com estimativas recentes, o oceano possui oito milh\u00f5es de toneladas de lixo, o suficiente para encher at\u00e9 seis sacos para cada metro na costa do planeta.<\/p>\n","protected":false},"author":1,"featured_media":18647,"comment_status":"open","ping_status":"open","sticky":false,"template":"","format":"standard","meta":{"_links_to":"","_links_to_target":""},"categories":[4,1],"tags":[],"views":4911,"_links":{"self":[{"href":"https:\/\/www.brazilianpress.com\/v1\/wp-json\/wp\/v2\/posts\/18646"}],"collection":[{"href":"https:\/\/www.brazilianpress.com\/v1\/wp-json\/wp\/v2\/posts"}],"about":[{"href":"https:\/\/www.brazilianpress.com\/v1\/wp-json\/wp\/v2\/types\/post"}],"author":[{"embeddable":true,"href":"https:\/\/www.brazilianpress.com\/v1\/wp-json\/wp\/v2\/users\/1"}],"replies":[{"embeddable":true,"href":"https:\/\/www.brazilianpress.com\/v1\/wp-json\/wp\/v2\/comments?post=18646"}],"version-history":[{"count":1,"href":"https:\/\/www.brazilianpress.com\/v1\/wp-json\/wp\/v2\/posts\/18646\/revisions"}],"predecessor-version":[{"id":18648,"href":"https:\/\/www.brazilianpress.com\/v1\/wp-json\/wp\/v2\/posts\/18646\/revisions\/18648"}],"wp:featuredmedia":[{"embeddable":true,"href":"https:\/\/www.brazilianpress.com\/v1\/wp-json\/wp\/v2\/media\/18647"}],"wp:attachment":[{"href":"https:\/\/www.brazilianpress.com\/v1\/wp-json\/wp\/v2\/media?parent=18646"}],"wp:term":[{"taxonomy":"category","embeddable":true,"href":"https:\/\/www.brazilianpress.com\/v1\/wp-json\/wp\/v2\/categories?post=18646"},{"taxonomy":"post_tag","embeddable":true,"href":"https:\/\/www.brazilianpress.com\/v1\/wp-json\/wp\/v2\/tags?post=18646"}],"curies":[{"name":"wp","href":"https:\/\/api.w.org\/{rel}","templated":true}]}}