{"id":18649,"date":"2015-11-12T16:41:22","date_gmt":"2015-11-12T20:41:22","guid":{"rendered":"http:\/\/www.brazilianpress.com\/v1\/?p=18649"},"modified":"2015-11-12T16:41:22","modified_gmt":"2015-11-12T20:41:22","slug":"museu-da-imagem-em-astoria-inaugura-3a-edicao-da-serie-o-brasil","status":"publish","type":"post","link":"https:\/\/www.brazilianpress.com\/v1\/2015\/11\/12\/museu-da-imagem-em-astoria-inaugura-3a-edicao-da-serie-o-brasil\/","title":{"rendered":"Museu da Imagem em Astoria inaugura 3\u00aa edi\u00e7\u00e3o da s\u00e9rie \u201cO Brasil\u201d"},"content":{"rendered":"<p><img loading=\"lazy\" class=\"alignnone size-full wp-image-18650\" src=\"http:\/\/www.brazilianpress.com\/v1\/wp-content\/uploads\/2015\/11\/Astoria-Brasil.jpg\" alt=\"Astoria Brasil\" width=\"500\" height=\"242\" srcset=\"https:\/\/www.brazilianpress.com\/v1\/wp-content\/uploads\/2015\/11\/Astoria-Brasil.jpg 500w, https:\/\/www.brazilianpress.com\/v1\/wp-content\/uploads\/2015\/11\/Astoria-Brasil-300x145.jpg 300w\" sizes=\"(max-width: 500px) 100vw, 500px\" \/><\/p>\n<p><strong><u>Roger Costa-<\/u><\/strong> Realizada pelo Museum of the Moving Image, conhecido como o museu da imagem em Astoria, Queens, a s\u00e9rie \u201cO Brasil: Contemporary Brazilian Cinema\u201d chega a sua 3\u00aa edi\u00e7\u00e3o, com uma amostra da nova safra de cinema brasileiro, aplaudido em festivais ao redor do mundo, e ganhando suas estreias norte-americanas.<!--more--> A s\u00e9rie j\u00e1 exibiu filmes cultuados como \u201cVentos de Agosto\u201d, \u201cCasa Grande\u201d e \u201cFaroeste Cabloco\u201d e inaugurar\u00e1 a nova temporada neste s\u00e1bado, dia 14, com a exibi\u00e7\u00e3o do delicado document\u00e1rio \u201cGirimunho (Swirl)\u201d da dupla de diretores Clarissa Campolina e Helv\u00e9cio Marins Jr. Logo em seguida ser\u00e3o exibidos \u201cAus\u00eancia (Absence)\u201d no dia 21, romance adolescente vencedor dos pr\u00eamios de Melhor Ator e Pr\u00eamio do J\u00fari no \u00faltimo Festival de Cinema do Rio, e \u201c\u00daltimas Conversas (Last Conversations)\u201d no dia 12 de dezembro, sendo este o \u00faltimo projeto do cineasta veterano Eduardo Coutinho, uma das vozes originais do Cinema brasileiro. Visite <a href=\"http:\/\/www.movingimage.us\">www.movingimage.us<\/a> para detalhes e programa\u00e7\u00e3o completa. O Museu est\u00e1 localizado no 36-01 35th Avenue, Astoria, Queens, NYC.<\/p>\n","protected":false},"excerpt":{"rendered":"<p>Roger Costa- Realizada pelo Museum of the Moving Image, conhecido como o museu da imagem em Astoria, Queens, a s\u00e9rie \u201cO Brasil: Contemporary Brazilian Cinema\u201d chega a sua 3\u00aa edi\u00e7\u00e3o, com uma amostra da nova safra de cinema brasileiro, aplaudido em festivais ao redor do mundo, e ganhando suas estreias norte-americanas.<\/p>\n","protected":false},"author":1,"featured_media":18650,"comment_status":"open","ping_status":"open","sticky":false,"template":"","format":"standard","meta":{"_links_to":"","_links_to_target":""},"categories":[4,1],"tags":[],"views":1817,"_links":{"self":[{"href":"https:\/\/www.brazilianpress.com\/v1\/wp-json\/wp\/v2\/posts\/18649"}],"collection":[{"href":"https:\/\/www.brazilianpress.com\/v1\/wp-json\/wp\/v2\/posts"}],"about":[{"href":"https:\/\/www.brazilianpress.com\/v1\/wp-json\/wp\/v2\/types\/post"}],"author":[{"embeddable":true,"href":"https:\/\/www.brazilianpress.com\/v1\/wp-json\/wp\/v2\/users\/1"}],"replies":[{"embeddable":true,"href":"https:\/\/www.brazilianpress.com\/v1\/wp-json\/wp\/v2\/comments?post=18649"}],"version-history":[{"count":1,"href":"https:\/\/www.brazilianpress.com\/v1\/wp-json\/wp\/v2\/posts\/18649\/revisions"}],"predecessor-version":[{"id":18651,"href":"https:\/\/www.brazilianpress.com\/v1\/wp-json\/wp\/v2\/posts\/18649\/revisions\/18651"}],"wp:featuredmedia":[{"embeddable":true,"href":"https:\/\/www.brazilianpress.com\/v1\/wp-json\/wp\/v2\/media\/18650"}],"wp:attachment":[{"href":"https:\/\/www.brazilianpress.com\/v1\/wp-json\/wp\/v2\/media?parent=18649"}],"wp:term":[{"taxonomy":"category","embeddable":true,"href":"https:\/\/www.brazilianpress.com\/v1\/wp-json\/wp\/v2\/categories?post=18649"},{"taxonomy":"post_tag","embeddable":true,"href":"https:\/\/www.brazilianpress.com\/v1\/wp-json\/wp\/v2\/tags?post=18649"}],"curies":[{"name":"wp","href":"https:\/\/api.w.org\/{rel}","templated":true}]}}