{"id":18670,"date":"2015-11-12T16:56:39","date_gmt":"2015-11-12T20:56:39","guid":{"rendered":"http:\/\/www.brazilianpress.com\/v1\/?p=18670"},"modified":"2015-11-12T16:56:39","modified_gmt":"2015-11-12T20:56:39","slug":"prisioneiros-atacam-e-ferem-no-rosto-um-oficial-da-prisao-de-rikers-island","status":"publish","type":"post","link":"https:\/\/www.brazilianpress.com\/v1\/2015\/11\/12\/prisioneiros-atacam-e-ferem-no-rosto-um-oficial-da-prisao-de-rikers-island\/","title":{"rendered":"Prisioneiros atacam e ferem no rosto um oficial da pris\u00e3o de Rikers Island"},"content":{"rendered":"<p><img loading=\"lazy\" class=\"alignnone size-full wp-image-18671\" src=\"http:\/\/www.brazilianpress.com\/v1\/wp-content\/uploads\/2015\/11\/prisioneiros.jpg\" alt=\"prisioneiros\" width=\"500\" height=\"281\" srcset=\"https:\/\/www.brazilianpress.com\/v1\/wp-content\/uploads\/2015\/11\/prisioneiros.jpg 500w, https:\/\/www.brazilianpress.com\/v1\/wp-content\/uploads\/2015\/11\/prisioneiros-300x169.jpg 300w\" sizes=\"(max-width: 500px) 100vw, 500px\" \/><\/p>\n<p>Um funcion\u00e1rio prisional de New York foi gravemente ferido depois de receber uma surra de v\u00e1rios prisioneiros. O ataque violento ocorreu na quinta-feira \u00e0 tarde na pris\u00e3o de Riker Island, como foi confirmado pelas autoridades.<!--more--><\/p>\n<p>O comiss\u00e1rio de pris\u00f5es, Jos\u00e9 Ponte, disse que estava indignado com o ataque depois de fazer uma visita \u00e0 v\u00edtima, que foi identificado como Ray Calderon, 31. As autoridades disseram que um preso atacou a v\u00edtima com uma arma, causando graves cortes na cabe\u00e7a, rosto e pesco\u00e7o. O incidente continua sob investiga\u00e7\u00e3o.<\/p>\n","protected":false},"excerpt":{"rendered":"<p>Um funcion\u00e1rio prisional de New York foi gravemente ferido depois de receber uma surra de v\u00e1rios prisioneiros. O ataque violento ocorreu na quinta-feira \u00e0 tarde na pris\u00e3o de Riker Island, como foi confirmado pelas autoridades.<\/p>\n","protected":false},"author":1,"featured_media":18671,"comment_status":"open","ping_status":"open","sticky":false,"template":"","format":"standard","meta":{"_links_to":"","_links_to_target":""},"categories":[4,1],"tags":[],"views":2255,"_links":{"self":[{"href":"https:\/\/www.brazilianpress.com\/v1\/wp-json\/wp\/v2\/posts\/18670"}],"collection":[{"href":"https:\/\/www.brazilianpress.com\/v1\/wp-json\/wp\/v2\/posts"}],"about":[{"href":"https:\/\/www.brazilianpress.com\/v1\/wp-json\/wp\/v2\/types\/post"}],"author":[{"embeddable":true,"href":"https:\/\/www.brazilianpress.com\/v1\/wp-json\/wp\/v2\/users\/1"}],"replies":[{"embeddable":true,"href":"https:\/\/www.brazilianpress.com\/v1\/wp-json\/wp\/v2\/comments?post=18670"}],"version-history":[{"count":1,"href":"https:\/\/www.brazilianpress.com\/v1\/wp-json\/wp\/v2\/posts\/18670\/revisions"}],"predecessor-version":[{"id":18672,"href":"https:\/\/www.brazilianpress.com\/v1\/wp-json\/wp\/v2\/posts\/18670\/revisions\/18672"}],"wp:featuredmedia":[{"embeddable":true,"href":"https:\/\/www.brazilianpress.com\/v1\/wp-json\/wp\/v2\/media\/18671"}],"wp:attachment":[{"href":"https:\/\/www.brazilianpress.com\/v1\/wp-json\/wp\/v2\/media?parent=18670"}],"wp:term":[{"taxonomy":"category","embeddable":true,"href":"https:\/\/www.brazilianpress.com\/v1\/wp-json\/wp\/v2\/categories?post=18670"},{"taxonomy":"post_tag","embeddable":true,"href":"https:\/\/www.brazilianpress.com\/v1\/wp-json\/wp\/v2\/tags?post=18670"}],"curies":[{"name":"wp","href":"https:\/\/api.w.org\/{rel}","templated":true}]}}