{"id":18673,"date":"2015-11-12T16:59:25","date_gmt":"2015-11-12T20:59:25","guid":{"rendered":"http:\/\/www.brazilianpress.com\/v1\/?p=18673"},"modified":"2015-11-12T16:59:25","modified_gmt":"2015-11-12T20:59:25","slug":"comissario-de-policia-de-new-york-diz-que-a-populacao-teme-aumento-em-violencia-com-a-libertacao-de-mais-de-6-mil-presos","status":"publish","type":"post","link":"https:\/\/www.brazilianpress.com\/v1\/2015\/11\/12\/comissario-de-policia-de-new-york-diz-que-a-populacao-teme-aumento-em-violencia-com-a-libertacao-de-mais-de-6-mil-presos\/","title":{"rendered":"Comiss\u00e1rio de pol\u00edcia de New York diz que a popula\u00e7\u00e3o teme aumento em viol\u00eancia com a liberta\u00e7\u00e3o de mais de 6 mil presos"},"content":{"rendered":"<p><img loading=\"lazy\" class=\"alignnone size-full wp-image-18674\" src=\"http:\/\/www.brazilianpress.com\/v1\/wp-content\/uploads\/2015\/11\/presos-eua.jpg\" alt=\"presos eua\" width=\"500\" height=\"281\" srcset=\"https:\/\/www.brazilianpress.com\/v1\/wp-content\/uploads\/2015\/11\/presos-eua.jpg 500w, https:\/\/www.brazilianpress.com\/v1\/wp-content\/uploads\/2015\/11\/presos-eua-300x169.jpg 300w\" sizes=\"(max-width: 500px) 100vw, 500px\" \/><\/p>\n<p>Mais de 6 mil presos condenados por crimes n\u00e3o violentos relacionados a drogas est\u00e3o sendo libertados pelo governo americano. Esses presos, que tiveram suas senten\u00e7as reduzidas e sua liberta\u00e7\u00e3o antecipada, fazem parte do primeiro grupo a ser solto em um esfor\u00e7o para reduzir a superlota\u00e7\u00e3o nas penitenci\u00e1rias federais e suavizar as duras penas para esses crimes estabelecidos durante a guerra \u00e0s drogas dos anos 1990.<!--more--><\/p>\n<p>Mais de 205 mil pessoas cumprem pena em penitenci\u00e1rias federais no pa\u00eds, metade delas por crimes relacionados a drogas. No total, a popula\u00e7\u00e3o carcer\u00e1ria ultrapassa 2,2 milh\u00f5es de presos \u2013 a maioria em pris\u00f5es estaduais, que n\u00e3o ser\u00e3o afetadas pela medida.<\/p>\n<p>Segundo a US Sentencing Commission, ag\u00eancia que estabelece diretrizes para senten\u00e7as em crimes federais e que decidiu a redu\u00e7\u00e3o das penas, at\u00e9 novembro do pr\u00f3ximo ano outros 8.550 prisioneiros poder\u00e3o ser libertados. Mas esse n\u00famero deve ser maior nos pr\u00f3ximos anos. Embora democratas e republicanos concordem com a necessidade de reformar o sistema de justi\u00e7a criminal e combater o encarceramento em massa, a medida vem gerando debate.<\/p>\n<p>\u201cUm dos motivos de preocupa\u00e7\u00e3o \u00e9 que, quando as pessoas v\u00e3o para a pris\u00e3o, muitas vezes v\u00e3o com senten\u00e7as negociadas. Ent\u00e3o, algu\u00e9m que est\u00e1 preso e parece ser um criminoso n\u00e3o violento pode na verdade ter crimes violentos em sua ficha\u201d, afirma o comiss\u00e1rio de pol\u00edcia de Nova York, Bill Bratton.<\/p>\n<p>Defensores da medida, no entanto, rejeitam a alega\u00e7\u00e3o de que a liberta\u00e7\u00e3o dessas pessoas poderia aumentar a criminalidade e lembram que os mais de 6 mil presos libertados entre o fim da semana passada e o in\u00edcio desta representam uma fatia muito pequena da popula\u00e7\u00e3o carcer\u00e1ria do pa\u00eds.<\/p>\n<p>Calcula-se que mais de 600 mil prisioneiros sejam libertados por ano de pris\u00f5es federais e estaduais no pa\u00eds ap\u00f3s cumprirem suas penas. Entre os 6.112 libertados antecipadamente nesta semana, 1.764 s\u00e3o imigrantes e ficar\u00e3o sob cust\u00f3dia do Departamento de Imigra\u00e7\u00e3o, aguardando prov\u00e1vel deporta\u00e7\u00e3o, seja por estarem ilegalmente no pa\u00eds ou em raz\u00e3o dos crimes que cometeram. Fonte: BBC.<\/p>\n","protected":false},"excerpt":{"rendered":"<p>Mais de 6 mil presos condenados por crimes n\u00e3o violentos relacionados a drogas est\u00e3o sendo libertados pelo governo americano. Esses presos, que tiveram suas senten\u00e7as reduzidas e sua liberta\u00e7\u00e3o antecipada, fazem parte do primeiro grupo a ser solto em um esfor\u00e7o para reduzir a superlota\u00e7\u00e3o nas penitenci\u00e1rias federais e suavizar as duras penas para esses crimes estabelecidos durante a guerra \u00e0s drogas dos anos 1990.<\/p>\n","protected":false},"author":1,"featured_media":18674,"comment_status":"open","ping_status":"open","sticky":false,"template":"","format":"standard","meta":{"_links_to":"","_links_to_target":""},"categories":[4,1],"tags":[],"views":2557,"_links":{"self":[{"href":"https:\/\/www.brazilianpress.com\/v1\/wp-json\/wp\/v2\/posts\/18673"}],"collection":[{"href":"https:\/\/www.brazilianpress.com\/v1\/wp-json\/wp\/v2\/posts"}],"about":[{"href":"https:\/\/www.brazilianpress.com\/v1\/wp-json\/wp\/v2\/types\/post"}],"author":[{"embeddable":true,"href":"https:\/\/www.brazilianpress.com\/v1\/wp-json\/wp\/v2\/users\/1"}],"replies":[{"embeddable":true,"href":"https:\/\/www.brazilianpress.com\/v1\/wp-json\/wp\/v2\/comments?post=18673"}],"version-history":[{"count":1,"href":"https:\/\/www.brazilianpress.com\/v1\/wp-json\/wp\/v2\/posts\/18673\/revisions"}],"predecessor-version":[{"id":18675,"href":"https:\/\/www.brazilianpress.com\/v1\/wp-json\/wp\/v2\/posts\/18673\/revisions\/18675"}],"wp:featuredmedia":[{"embeddable":true,"href":"https:\/\/www.brazilianpress.com\/v1\/wp-json\/wp\/v2\/media\/18674"}],"wp:attachment":[{"href":"https:\/\/www.brazilianpress.com\/v1\/wp-json\/wp\/v2\/media?parent=18673"}],"wp:term":[{"taxonomy":"category","embeddable":true,"href":"https:\/\/www.brazilianpress.com\/v1\/wp-json\/wp\/v2\/categories?post=18673"},{"taxonomy":"post_tag","embeddable":true,"href":"https:\/\/www.brazilianpress.com\/v1\/wp-json\/wp\/v2\/tags?post=18673"}],"curies":[{"name":"wp","href":"https:\/\/api.w.org\/{rel}","templated":true}]}}