{"id":19250,"date":"2015-12-03T08:46:38","date_gmt":"2015-12-03T12:46:38","guid":{"rendered":"http:\/\/www.brazilianpress.com\/v1\/?p=19250"},"modified":"2015-12-10T10:28:31","modified_gmt":"2015-12-10T14:28:31","slug":"social-press-03122015","status":"publish","type":"post","link":"https:\/\/www.brazilianpress.com\/v1\/2015\/12\/03\/social-press-03122015\/","title":{"rendered":"Social Press . 03\/12\/2015"},"content":{"rendered":"<p><strong><em><img loading=\"lazy\" class=\"alignnone size-full wp-image-19238\" src=\"http:\/\/www.brazilianpress.com\/v1\/wp-content\/uploads\/2015\/12\/social-press-ed1760-20151203-1.jpg\" alt=\"social press ed1760 20151203 (1)\" width=\"450\" height=\"253\" srcset=\"https:\/\/www.brazilianpress.com\/v1\/wp-content\/uploads\/2015\/12\/social-press-ed1760-20151203-1.jpg 450w, https:\/\/www.brazilianpress.com\/v1\/wp-content\/uploads\/2015\/12\/social-press-ed1760-20151203-1-300x169.jpg 300w\" sizes=\"(max-width: 450px) 100vw, 450px\" \/><br \/>\nO empres\u00e1rio Rafael, do Altas Horas Lanches, foi um dos patrocinadores do super show de Leonardo e Z\u00e9 Felipe em Newark. Maravilha!<\/em><\/strong><\/p>\n<p><strong><em><img loading=\"lazy\" class=\"alignnone size-full wp-image-19239\" src=\"http:\/\/www.brazilianpress.com\/v1\/wp-content\/uploads\/2015\/12\/social-press-ed1760-20151203-2.jpg\" alt=\"social press ed1760 20151203 (2)\" width=\"450\" height=\"300\" srcset=\"https:\/\/www.brazilianpress.com\/v1\/wp-content\/uploads\/2015\/12\/social-press-ed1760-20151203-2.jpg 450w, https:\/\/www.brazilianpress.com\/v1\/wp-content\/uploads\/2015\/12\/social-press-ed1760-20151203-2-300x200.jpg 300w\" sizes=\"(max-width: 450px) 100vw, 450px\" \/><br \/>\nO m\u00fasico Z\u00e9 Luis, o produtor Augusto Ghiotto, o radialista Jassvan DeLima e Hans Mariano prestigiaram o show do Rio 65 Trio no Carnegie Hall.<\/em><\/strong><\/p>\n<p><strong><em><img loading=\"lazy\" class=\"alignnone size-full wp-image-19240\" src=\"http:\/\/www.brazilianpress.com\/v1\/wp-content\/uploads\/2015\/12\/social-press-ed1760-20151203-3.jpg\" alt=\"social press ed1760 20151203 (3)\" width=\"450\" height=\"338\" srcset=\"https:\/\/www.brazilianpress.com\/v1\/wp-content\/uploads\/2015\/12\/social-press-ed1760-20151203-3.jpg 450w, https:\/\/www.brazilianpress.com\/v1\/wp-content\/uploads\/2015\/12\/social-press-ed1760-20151203-3-300x225.jpg 300w\" sizes=\"(max-width: 450px) 100vw, 450px\" \/><br \/>\nA empres\u00e1ria Marina Silva deu uma escapada do frio e est\u00e1 aproveitando as maravilhosas praias da Fl\u00f3rida com a fam\u00edlia. That a Girl!<\/em><\/strong><!--more--><\/p>\n<p><strong><em><img loading=\"lazy\" class=\"alignnone size-full wp-image-19241\" src=\"http:\/\/www.brazilianpress.com\/v1\/wp-content\/uploads\/2015\/12\/social-press-ed1760-20151203-4.jpg\" alt=\"social press ed1760 20151203 (4)\" width=\"450\" height=\"300\" srcset=\"https:\/\/www.brazilianpress.com\/v1\/wp-content\/uploads\/2015\/12\/social-press-ed1760-20151203-4.jpg 450w, https:\/\/www.brazilianpress.com\/v1\/wp-content\/uploads\/2015\/12\/social-press-ed1760-20151203-4-300x200.jpg 300w\" sizes=\"(max-width: 450px) 100vw, 450px\" \/><br \/>\nSauda\u00e7\u00f5es \u00e0 Fam\u00edlia Herrera, celebrando momentos de alegria na comunidade.<\/em><\/strong><\/p>\n<p><strong><em><img loading=\"lazy\" class=\"alignnone size-full wp-image-19242\" src=\"http:\/\/www.brazilianpress.com\/v1\/wp-content\/uploads\/2015\/12\/social-press-ed1760-20151203-5.jpg\" alt=\"social press ed1760 20151203 (5)\" width=\"400\" height=\"426\" srcset=\"https:\/\/www.brazilianpress.com\/v1\/wp-content\/uploads\/2015\/12\/social-press-ed1760-20151203-5.jpg 400w, https:\/\/www.brazilianpress.com\/v1\/wp-content\/uploads\/2015\/12\/social-press-ed1760-20151203-5-282x300.jpg 282w\" sizes=\"(max-width: 400px) 100vw, 400px\" \/><br \/>\nUma das vozes que representam a comunidade de imigrantes em Newark, Ailton Souza, est\u00e1 celebrando anivers\u00e1rio. Muitas Felicidades campe\u00e3o!<\/em><\/strong><\/p>\n<p><strong><em><img loading=\"lazy\" class=\"alignnone size-full wp-image-19243\" src=\"http:\/\/www.brazilianpress.com\/v1\/wp-content\/uploads\/2015\/12\/social-press-ed1760-20151203-6.jpg\" alt=\"social press ed1760 20151203 (6)\" width=\"350\" height=\"606\" srcset=\"https:\/\/www.brazilianpress.com\/v1\/wp-content\/uploads\/2015\/12\/social-press-ed1760-20151203-6.jpg 350w, https:\/\/www.brazilianpress.com\/v1\/wp-content\/uploads\/2015\/12\/social-press-ed1760-20151203-6-173x300.jpg 173w\" sizes=\"(max-width: 350px) 100vw, 350px\" \/><br \/>\nConsagrada em todo o pa\u00eds, a cantora Joanna Nova York acaba de receber o Pr\u00eamio Personalidade do Ano, adicionando mais uma conquista e reconhecimento em sua carreira. Parab\u00e9ns!<\/em><\/strong><\/p>\n<p><strong><em><img loading=\"lazy\" class=\"alignnone size-full wp-image-19244\" src=\"http:\/\/www.brazilianpress.com\/v1\/wp-content\/uploads\/2015\/12\/social-press-ed1760-20151203-7.jpg\" alt=\"social press ed1760 20151203 (7)\" width=\"450\" height=\"338\" srcset=\"https:\/\/www.brazilianpress.com\/v1\/wp-content\/uploads\/2015\/12\/social-press-ed1760-20151203-7.jpg 450w, https:\/\/www.brazilianpress.com\/v1\/wp-content\/uploads\/2015\/12\/social-press-ed1760-20151203-7-300x225.jpg 300w\" sizes=\"(max-width: 450px) 100vw, 450px\" \/><br \/>\nMr. Jack Siegel est\u00e1 \u00e0 frente do Associated Auto Body &amp; Trucks localizado no 405 Raymond Blvd em Newark. A ag\u00eancia \u00e9 especializada em renova\u00e7\u00f5es em geral. Confira! (973) 589-9162.<\/em><\/strong><\/p>\n<p><strong><em><img loading=\"lazy\" class=\"alignnone size-full wp-image-19245\" src=\"http:\/\/www.brazilianpress.com\/v1\/wp-content\/uploads\/2015\/12\/social-press-ed1760-20151203-8.jpg\" alt=\"social press ed1760 20151203 (8)\" width=\"400\" height=\"400\" srcset=\"https:\/\/www.brazilianpress.com\/v1\/wp-content\/uploads\/2015\/12\/social-press-ed1760-20151203-8.jpg 400w, https:\/\/www.brazilianpress.com\/v1\/wp-content\/uploads\/2015\/12\/social-press-ed1760-20151203-8-150x150.jpg 150w, https:\/\/www.brazilianpress.com\/v1\/wp-content\/uploads\/2015\/12\/social-press-ed1760-20151203-8-300x300.jpg 300w\" sizes=\"(max-width: 400px) 100vw, 400px\" \/><br \/>\nSuper querida por todos na comunidade, profissional competente, elegante e envolvida em servi\u00e7os sociais, a fot\u00f3grafa Vera Reis a aniversariante desta semana. Happy Birthday!<\/em><\/strong><\/p>\n<p><strong><em><img loading=\"lazy\" class=\"alignnone size-full wp-image-19246\" src=\"http:\/\/www.brazilianpress.com\/v1\/wp-content\/uploads\/2015\/12\/social-press-ed1760-20151203-9.jpg\" alt=\"social press ed1760 20151203 (9)\" width=\"400\" height=\"400\" srcset=\"https:\/\/www.brazilianpress.com\/v1\/wp-content\/uploads\/2015\/12\/social-press-ed1760-20151203-9.jpg 400w, https:\/\/www.brazilianpress.com\/v1\/wp-content\/uploads\/2015\/12\/social-press-ed1760-20151203-9-150x150.jpg 150w, https:\/\/www.brazilianpress.com\/v1\/wp-content\/uploads\/2015\/12\/social-press-ed1760-20151203-9-300x300.jpg 300w\" sizes=\"(max-width: 400px) 100vw, 400px\" \/><br \/>\nOlha que fofurinha a Victoria Leite, que completou 3 aninhos no \u00faltimo s\u00e1bado com uma superfesta de Princesa! Deus Aben\u00e7oe!<\/em><\/strong><\/p>\n","protected":false},"excerpt":{"rendered":"<p>O empres\u00e1rio Rafael, do Altas Horas Lanches, foi um dos patrocinadores do super show de Leonardo e Z\u00e9 Felipe em Newark. Maravilha! O m\u00fasico Z\u00e9 Luis, o produtor Augusto Ghiotto, o radialista Jassvan DeLima e Hans Mariano prestigiaram o show do Rio 65 Trio no Carnegie Hall. A empres\u00e1ria Marina Silva deu uma escapada do frio e est\u00e1 aproveitando as maravilhosas praias da Fl\u00f3rida com a fam\u00edlia. That a Girl!<\/p>\n","protected":false},"author":1,"featured_media":19238,"comment_status":"open","ping_status":"open","sticky":false,"template":"","format":"standard","meta":{"_links_to":"","_links_to_target":""},"categories":[4,19,1,6],"tags":[],"views":2823,"_links":{"self":[{"href":"https:\/\/www.brazilianpress.com\/v1\/wp-json\/wp\/v2\/posts\/19250"}],"collection":[{"href":"https:\/\/www.brazilianpress.com\/v1\/wp-json\/wp\/v2\/posts"}],"about":[{"href":"https:\/\/www.brazilianpress.com\/v1\/wp-json\/wp\/v2\/types\/post"}],"author":[{"embeddable":true,"href":"https:\/\/www.brazilianpress.com\/v1\/wp-json\/wp\/v2\/users\/1"}],"replies":[{"embeddable":true,"href":"https:\/\/www.brazilianpress.com\/v1\/wp-json\/wp\/v2\/comments?post=19250"}],"version-history":[{"count":1,"href":"https:\/\/www.brazilianpress.com\/v1\/wp-json\/wp\/v2\/posts\/19250\/revisions"}],"predecessor-version":[{"id":19251,"href":"https:\/\/www.brazilianpress.com\/v1\/wp-json\/wp\/v2\/posts\/19250\/revisions\/19251"}],"wp:featuredmedia":[{"embeddable":true,"href":"https:\/\/www.brazilianpress.com\/v1\/wp-json\/wp\/v2\/media\/19238"}],"wp:attachment":[{"href":"https:\/\/www.brazilianpress.com\/v1\/wp-json\/wp\/v2\/media?parent=19250"}],"wp:term":[{"taxonomy":"category","embeddable":true,"href":"https:\/\/www.brazilianpress.com\/v1\/wp-json\/wp\/v2\/categories?post=19250"},{"taxonomy":"post_tag","embeddable":true,"href":"https:\/\/www.brazilianpress.com\/v1\/wp-json\/wp\/v2\/tags?post=19250"}],"curies":[{"name":"wp","href":"https:\/\/api.w.org\/{rel}","templated":true}]}}