{"id":1930,"date":"2013-07-25T11:25:49","date_gmt":"2013-07-25T15:25:49","guid":{"rendered":"http:\/\/www.brazilianpress.com\/v1\/?p=1930"},"modified":"2013-07-25T11:25:49","modified_gmt":"2013-07-25T15:25:49","slug":"anos-extras-no-curso-de-medicina-serao-aproveitados-na-residencia","status":"publish","type":"post","link":"https:\/\/www.brazilianpress.com\/v1\/2013\/07\/25\/anos-extras-no-curso-de-medicina-serao-aproveitados-na-residencia\/","title":{"rendered":"Anos extras no curso de medicina ser\u00e3o aproveitados na resid\u00eancia"},"content":{"rendered":"<p>A proposta que define como ser\u00e1 a\u00a0amplia\u00e7\u00e3o dos cursos de medicina\u00a0, definida pelo governo federal no in\u00edcio do m\u00eas, deve ser divulgada na pr\u00f3xima semana. O consenso, que deve constar do documento, \u00e9 de que os anos extras devem ser aproveitados na resid\u00eancia m\u00e9dica.<\/p>\n<p><img loading=\"lazy\" class=\"alignnone size-full wp-image-1932\" alt=\"medicos brasil\" src=\"http:\/\/www.brazilianpress.com\/v1\/wp-content\/uploads\/2013\/07\/medicos-brasil.jpg\" width=\"500\" height=\"333\" srcset=\"https:\/\/www.brazilianpress.com\/v1\/wp-content\/uploads\/2013\/07\/medicos-brasil.jpg 500w, https:\/\/www.brazilianpress.com\/v1\/wp-content\/uploads\/2013\/07\/medicos-brasil-300x199.jpg 300w\" sizes=\"(max-width: 500px) 100vw, 500px\" \/><\/p>\n<p>Segundo o ministro da Educa\u00e7\u00e3o, Aloizio Mercadante, h\u00e1 um consenso entre os especialistas designados para avaliar o assunto de que esse per\u00edodo de forma\u00e7\u00e3o em servi\u00e7o pode ser aproveitado como uma especializa\u00e7\u00e3o ou parte dela.<!--more--><\/p>\n<p>\u201cEstou otimista com as discuss\u00f5es. Essa (o aproveitamento) era uma possibilidade aberta pela medida provis\u00f3ria que enviamos ao Congresso. O mais importante \u00e9 buscarmos entendimento sobre como melhorar a forma\u00e7\u00e3o dos m\u00e9dicos no Brasil\u201d, afirmou o ministro.<\/p>\n<p>Mercadante anunciou, no come\u00e7o do m\u00eas, que os cursos de gradua\u00e7\u00e3o em Medicina ganhariam dois anos extras \u2013 aumentando de seis para oito anos de forma\u00e7\u00e3o \u2013 para garantir um est\u00e1gio obrigat\u00f3rio dos futuros m\u00e9dicos nos programas de aten\u00e7\u00e3o b\u00e1sica e de urg\u00eancia e emerg\u00eancia do Sistema \u00danico de Sa\u00fade (SUS) antes de receberem o diploma.<\/p>\n<p>Durante esse per\u00edodo, estudantes de institui\u00e7\u00f5es p\u00fablicas ou privadas receberiam uma bolsa financiada pelo Minist\u00e9rio da Sa\u00fade, ainda sem valores definidos. Nesses dois anos, os alunos continuariam vinculados \u00e0 institui\u00e7\u00e3o de ensino e sendo avaliados.<\/p>\n<p>O ministro diz que a proposta discutida por diretores de cursos de Medicina, representantes da Associa\u00e7\u00e3o Brasileira de Ensino M\u00e9dico e uma comiss\u00e3o de especialistas lideradas pelo ex-ministro da Sa\u00fade, Adib Jatene, ser\u00e1 encaminhada ao Congresso. Depois, ter\u00e1 de ser avaliada pelo Conselho Nacional de Educa\u00e7\u00e3o, que elabora as diretrizes curriculares dos cursos.<\/p>\n<p>\u00c9 prov\u00e1vel, segundo Mercadante, que os curr\u00edculos dos cursos de Medicina sejam modificados para atender as demandas dessa nova forma\u00e7\u00e3o. A fase do internato, em que os estudantes s\u00e3o submetidos \u00e0 pr\u00e1tica m\u00e9dica, deve sofrer mudan\u00e7as, caso a proposta seja aprovada.<\/p>\n<p>\u201cNada ser\u00e1 definido repentinamente. Teremos muito tempo para discutir a proposta no Congresso e no CNE\u201d, afirmou Mercadante. A medida valer\u00e1 apenas para os estudantes que entrarem nos cursos de Medicina a partir de 2015.<\/p>\n","protected":false},"excerpt":{"rendered":"<p>A proposta que define como ser\u00e1 a\u00a0amplia\u00e7\u00e3o dos cursos de medicina\u00a0, definida pelo governo federal no in\u00edcio do m\u00eas, deve ser divulgada na pr\u00f3xima semana. O consenso, que deve constar do documento, \u00e9 de que os anos extras devem ser aproveitados na resid\u00eancia m\u00e9dica. Segundo o ministro da Educa\u00e7\u00e3o, Aloizio Mercadante, h\u00e1 um consenso entre os especialistas designados para avaliar o assunto de que esse per\u00edodo de forma\u00e7\u00e3o em servi\u00e7o pode ser aproveitado como uma especializa\u00e7\u00e3o ou parte dela.<\/p>\n","protected":false},"author":1,"featured_media":1932,"comment_status":"open","ping_status":"open","sticky":false,"template":"","format":"standard","meta":{"_links_to":"","_links_to_target":""},"categories":[7,1],"tags":[],"views":2979,"_links":{"self":[{"href":"https:\/\/www.brazilianpress.com\/v1\/wp-json\/wp\/v2\/posts\/1930"}],"collection":[{"href":"https:\/\/www.brazilianpress.com\/v1\/wp-json\/wp\/v2\/posts"}],"about":[{"href":"https:\/\/www.brazilianpress.com\/v1\/wp-json\/wp\/v2\/types\/post"}],"author":[{"embeddable":true,"href":"https:\/\/www.brazilianpress.com\/v1\/wp-json\/wp\/v2\/users\/1"}],"replies":[{"embeddable":true,"href":"https:\/\/www.brazilianpress.com\/v1\/wp-json\/wp\/v2\/comments?post=1930"}],"version-history":[{"count":1,"href":"https:\/\/www.brazilianpress.com\/v1\/wp-json\/wp\/v2\/posts\/1930\/revisions"}],"predecessor-version":[{"id":1934,"href":"https:\/\/www.brazilianpress.com\/v1\/wp-json\/wp\/v2\/posts\/1930\/revisions\/1934"}],"wp:featuredmedia":[{"embeddable":true,"href":"https:\/\/www.brazilianpress.com\/v1\/wp-json\/wp\/v2\/media\/1932"}],"wp:attachment":[{"href":"https:\/\/www.brazilianpress.com\/v1\/wp-json\/wp\/v2\/media?parent=1930"}],"wp:term":[{"taxonomy":"category","embeddable":true,"href":"https:\/\/www.brazilianpress.com\/v1\/wp-json\/wp\/v2\/categories?post=1930"},{"taxonomy":"post_tag","embeddable":true,"href":"https:\/\/www.brazilianpress.com\/v1\/wp-json\/wp\/v2\/tags?post=1930"}],"curies":[{"name":"wp","href":"https:\/\/api.w.org\/{rel}","templated":true}]}}