{"id":1939,"date":"2013-07-25T11:29:12","date_gmt":"2013-07-25T15:29:12","guid":{"rendered":"http:\/\/www.brazilianpress.com\/v1\/?p=1939"},"modified":"2013-07-25T12:35:02","modified_gmt":"2013-07-25T16:35:02","slug":"neve-atinge-mais-de-85-cidades-do-sul-do-brasil","status":"publish","type":"post","link":"https:\/\/www.brazilianpress.com\/v1\/2013\/07\/25\/neve-atinge-mais-de-85-cidades-do-sul-do-brasil\/","title":{"rendered":"Neve atinge mais de 85 cidades do Sul do Brasil"},"content":{"rendered":"<p>Paran\u00e1 &#8211; A neve mudou o cen\u00e1rio de pelo menos 87 cidades do pa\u00eds. O fen\u00f4meno p\u00f4de ser visto porque uma massa de ar polar passou pela Argentina e chegou ao sul do Brasil, atingindo os estados do Rio Grande do Sul, de Santa Catarina e do Paran\u00e1. Na ter\u00e7a- feira, a cidade catarinense de Bom Jardim da Serra registrou a menor temperatura de todo o pa\u00eds, com -7 \u00baC.<!--more--><\/p>\n<p><img loading=\"lazy\" class=\"alignnone size-full wp-image-1933\" alt=\"neve brasil\" src=\"http:\/\/www.brazilianpress.com\/v1\/wp-content\/uploads\/2013\/07\/neve-brasil.jpg\" width=\"500\" height=\"335\" srcset=\"https:\/\/www.brazilianpress.com\/v1\/wp-content\/uploads\/2013\/07\/neve-brasil.jpg 500w, https:\/\/www.brazilianpress.com\/v1\/wp-content\/uploads\/2013\/07\/neve-brasil-300x201.jpg 300w\" sizes=\"(max-width: 500px) 100vw, 500px\" \/><\/p>\n<p>Segundo o Instituto Nacional (Inmet) de Meteorologia, esta \u00e9 a onda de frio mais prolongada nos \u00faltimos 13 anos. J\u00e1 s\u00e3o sete dias com temperaturas abaixo de zero. O frio intenso pode continuar at\u00e9 a sexta-feira.<\/p>\n<p>Curitiba e Florian\u00f3polis foram as duas capitais atingidas pela neve. Nesta ter\u00e7a-feira, houve o primeiro registro de neve em Curitiba desde 1975 feito pelo Instituto Meteorol\u00f3gico Simepar. Florian\u00f3polis tamb\u00e9m registrou a ocorr\u00eancia do fen\u00f4meno, primeira em 29 anos, no Morro do Cambirela. Nevou em, pelo menos, 57 cidades catarinenses. At\u00e9 o meio-dia, S\u00e3o Joaquim registrou -5\u00baC e as aulas foram canceladas.<\/p>\n<p>Devido ao ac\u00famulo de neve na pista, as rodovias federais (BR-116, BR-280 e BR-282) e estaduais (SC-350, SC-390 e SC-280) em Santa Catarina foram interditadas. Os trechos bloqueados come\u00e7aram a ser liberados nesta manh\u00e3. J\u00e1 no Paran\u00e1, duas pessoas morreram e tr\u00eas ficaram feridas em um acidente entre um carro e um caminh\u00e3o por causa da pista escorregadia na BR-277.<\/p>\n<p>As cidades de\u00a0S\u00e3o Joaquim e S\u00e3o Jos\u00e9, na Grande Florian\u00f3polis est\u00e3o em situa\u00e7\u00e3o de emerg\u00eancia para compra de cobertores e mantimentos \u00e0s fam\u00edlias mais pobres. Um morador de rua morreu em\u00a0Bigua\u00e7u devido ao frio.<\/p>\n","protected":false},"excerpt":{"rendered":"<p>Paran\u00e1 &#8211; A neve mudou o cen\u00e1rio de pelo menos 87 cidades do pa\u00eds. O fen\u00f4meno p\u00f4de ser visto porque uma massa de ar polar passou pela Argentina e chegou ao sul do Brasil, atingindo os estados do Rio Grande do Sul, de Santa Catarina e do Paran\u00e1. Na ter\u00e7a- feira, a cidade catarinense de Bom Jardim da Serra registrou a menor temperatura de todo o pa\u00eds, com -7 \u00baC.<\/p>\n","protected":false},"author":1,"featured_media":1933,"comment_status":"open","ping_status":"open","sticky":false,"template":"","format":"standard","meta":{"_links_to":"","_links_to_target":""},"categories":[7,1],"tags":[],"views":3412,"_links":{"self":[{"href":"https:\/\/www.brazilianpress.com\/v1\/wp-json\/wp\/v2\/posts\/1939"}],"collection":[{"href":"https:\/\/www.brazilianpress.com\/v1\/wp-json\/wp\/v2\/posts"}],"about":[{"href":"https:\/\/www.brazilianpress.com\/v1\/wp-json\/wp\/v2\/types\/post"}],"author":[{"embeddable":true,"href":"https:\/\/www.brazilianpress.com\/v1\/wp-json\/wp\/v2\/users\/1"}],"replies":[{"embeddable":true,"href":"https:\/\/www.brazilianpress.com\/v1\/wp-json\/wp\/v2\/comments?post=1939"}],"version-history":[{"count":3,"href":"https:\/\/www.brazilianpress.com\/v1\/wp-json\/wp\/v2\/posts\/1939\/revisions"}],"predecessor-version":[{"id":1943,"href":"https:\/\/www.brazilianpress.com\/v1\/wp-json\/wp\/v2\/posts\/1939\/revisions\/1943"}],"wp:featuredmedia":[{"embeddable":true,"href":"https:\/\/www.brazilianpress.com\/v1\/wp-json\/wp\/v2\/media\/1933"}],"wp:attachment":[{"href":"https:\/\/www.brazilianpress.com\/v1\/wp-json\/wp\/v2\/media?parent=1939"}],"wp:term":[{"taxonomy":"category","embeddable":true,"href":"https:\/\/www.brazilianpress.com\/v1\/wp-json\/wp\/v2\/categories?post=1939"},{"taxonomy":"post_tag","embeddable":true,"href":"https:\/\/www.brazilianpress.com\/v1\/wp-json\/wp\/v2\/tags?post=1939"}],"curies":[{"name":"wp","href":"https:\/\/api.w.org\/{rel}","templated":true}]}}