{"id":1944,"date":"2013-07-25T11:44:28","date_gmt":"2013-07-25T15:44:28","guid":{"rendered":"http:\/\/www.brazilianpress.com\/v1\/?p=1944"},"modified":"2013-07-25T11:44:28","modified_gmt":"2013-07-25T15:44:28","slug":"apos-provocar-incendio-amanda-bynes-e-detida-para-avaliacao-mental-diz-site","status":"publish","type":"post","link":"https:\/\/www.brazilianpress.com\/v1\/2013\/07\/25\/apos-provocar-incendio-amanda-bynes-e-detida-para-avaliacao-mental-diz-site\/","title":{"rendered":"Ap\u00f3s provocar inc\u00eandio, Amanda Bynes \u00e9 detida para avalia\u00e7\u00e3o mental, diz site"},"content":{"rendered":"<p><strong>De acordo com o &#8220;TMZ&#8221;, a atriz foi encaminhada para deten\u00e7\u00e3o psiqui\u00e1trica involunt\u00e1ria e pode ficar internada at\u00e9 72 horas. No dia anterior, artista tentou entrar em asilo b\u00eabada.<\/strong><\/p>\n<p><img loading=\"lazy\" class=\"alignright size-full wp-image-1945\" alt=\"amanda bynes\" src=\"http:\/\/www.brazilianpress.com\/v1\/wp-content\/uploads\/2013\/07\/amanda-bynes.jpg\" width=\"316\" height=\"234\" srcset=\"https:\/\/www.brazilianpress.com\/v1\/wp-content\/uploads\/2013\/07\/amanda-bynes.jpg 316w, https:\/\/www.brazilianpress.com\/v1\/wp-content\/uploads\/2013\/07\/amanda-bynes-300x222.jpg 300w\" sizes=\"(max-width: 316px) 100vw, 316px\" \/>Na segunda-feira (22), Amanda Bynes foi internada involuntariamente ap\u00f3s provocar inc\u00eandio em frente a uma casa em Thousand Oaks , na Calif\u00f3rnia . A artista vai passar por uma avalia\u00e7\u00e3o mental e pode ficar detida por at\u00e9 72 horas. As informa\u00e7\u00f5es foram divulgadas na ter\u00e7a-feira (23) pelo site &#8220;TMZ &#8220;.<\/p>\n<p><!--more-->De acordo com a p\u00e1gina, a atriz foi detida ap\u00f3s ter respondido algumas perguntas da pol\u00edcia, acionada ap\u00f3s os bombeiros terem encontrado Amanda perto do local do in\u00edcio de inc\u00eandio. Uma pessoa ligou para o n\u00famero de emerg\u00eancia ap\u00f3s ver peda\u00e7os de tecido pegando fogo em cima de um pequeno tanque de gasolina, que n\u00e3o chegou a explodir. Segundo o site, os tecidos seriam roupas que Amanda Bynes havia decidido queimar.<\/p>\n<p>A artista de filmes como &#8221; Ela \u00e9 Demais &#8221; e &#8220;Hairspray &#8221; foi internada involuntariamente sob a mesma medida imposta a Britney Spears , em 2008, quando a cantora se envolveu em uma s\u00e9rie de incidentes. No domingo (21), Amanda j\u00e1 havia causado outra confus\u00e3o ao tentar visitar um parente em um asilo estando alcoolizada. Em maio deste ano, ela havia sido presa por m\u00e1 conduta e posse de maconha.<\/p>\n","protected":false},"excerpt":{"rendered":"<p>De acordo com o &#8220;TMZ&#8221;, a atriz foi encaminhada para deten\u00e7\u00e3o psiqui\u00e1trica involunt\u00e1ria e pode ficar internada at\u00e9 72 horas. No dia anterior, artista tentou entrar em asilo b\u00eabada. Na segunda-feira (22), Amanda Bynes foi internada involuntariamente ap\u00f3s provocar inc\u00eandio em frente a uma casa em Thousand Oaks , na Calif\u00f3rnia . A artista vai passar por uma avalia\u00e7\u00e3o mental e pode ficar detida por at\u00e9 72 horas. As informa\u00e7\u00f5es foram divulgadas na ter\u00e7a-feira (23) pelo site &#8220;TMZ &#8220;.<\/p>\n","protected":false},"author":1,"featured_media":1945,"comment_status":"open","ping_status":"open","sticky":false,"template":"","format":"standard","meta":{"_links_to":"","_links_to_target":""},"categories":[1,10],"tags":[],"views":2940,"_links":{"self":[{"href":"https:\/\/www.brazilianpress.com\/v1\/wp-json\/wp\/v2\/posts\/1944"}],"collection":[{"href":"https:\/\/www.brazilianpress.com\/v1\/wp-json\/wp\/v2\/posts"}],"about":[{"href":"https:\/\/www.brazilianpress.com\/v1\/wp-json\/wp\/v2\/types\/post"}],"author":[{"embeddable":true,"href":"https:\/\/www.brazilianpress.com\/v1\/wp-json\/wp\/v2\/users\/1"}],"replies":[{"embeddable":true,"href":"https:\/\/www.brazilianpress.com\/v1\/wp-json\/wp\/v2\/comments?post=1944"}],"version-history":[{"count":1,"href":"https:\/\/www.brazilianpress.com\/v1\/wp-json\/wp\/v2\/posts\/1944\/revisions"}],"predecessor-version":[{"id":1948,"href":"https:\/\/www.brazilianpress.com\/v1\/wp-json\/wp\/v2\/posts\/1944\/revisions\/1948"}],"wp:featuredmedia":[{"embeddable":true,"href":"https:\/\/www.brazilianpress.com\/v1\/wp-json\/wp\/v2\/media\/1945"}],"wp:attachment":[{"href":"https:\/\/www.brazilianpress.com\/v1\/wp-json\/wp\/v2\/media?parent=1944"}],"wp:term":[{"taxonomy":"category","embeddable":true,"href":"https:\/\/www.brazilianpress.com\/v1\/wp-json\/wp\/v2\/categories?post=1944"},{"taxonomy":"post_tag","embeddable":true,"href":"https:\/\/www.brazilianpress.com\/v1\/wp-json\/wp\/v2\/tags?post=1944"}],"curies":[{"name":"wp","href":"https:\/\/api.w.org\/{rel}","templated":true}]}}