{"id":19457,"date":"2015-12-10T14:45:47","date_gmt":"2015-12-10T18:45:47","guid":{"rendered":"http:\/\/www.brazilianpress.com\/v1\/?p=19457"},"modified":"2015-12-10T14:45:47","modified_gmt":"2015-12-10T18:45:47","slug":"adolescente-desenvolve-hepatite-gravissima-apos-beber-tres-xicaras-de-cha-verde-por-dia-para-emagrecer","status":"publish","type":"post","link":"https:\/\/www.brazilianpress.com\/v1\/2015\/12\/10\/adolescente-desenvolve-hepatite-gravissima-apos-beber-tres-xicaras-de-cha-verde-por-dia-para-emagrecer\/","title":{"rendered":"Adolescente desenvolve hepatite grav\u00edssima ap\u00f3s beber tr\u00eas x\u00edcaras de &#8220;ch\u00e1 verde&#8221; por dia para emagrecer"},"content":{"rendered":"<p><img loading=\"lazy\" class=\"alignnone size-full wp-image-19458\" src=\"http:\/\/www.brazilianpress.com\/v1\/wp-content\/uploads\/2015\/12\/platacao-cha-verde.jpg\" alt=\"platacao-cha-verde\" width=\"500\" height=\"313\" srcset=\"https:\/\/www.brazilianpress.com\/v1\/wp-content\/uploads\/2015\/12\/platacao-cha-verde.jpg 500w, https:\/\/www.brazilianpress.com\/v1\/wp-content\/uploads\/2015\/12\/platacao-cha-verde-300x188.jpg 300w\" sizes=\"(max-width: 500px) 100vw, 500px\" \/><\/p>\n<p>Uma adolescente desenvolveu uma inflama\u00e7\u00e3o grave no f\u00edgado devido ao ch\u00e1 verde que ela consumia com frequ\u00eancia, para perder peso. A menina n\u00e3o identificada (para preservar sua imagem), de 16 anos, procurou um m\u00e9dico ao sentir tontura, n\u00e1usea e dores no est\u00f4mago e nas articula\u00e7\u00f5es.<!--more--><\/p>\n<p>A princ\u00edpio, pensou-se que poderia se tratar de uma infec\u00e7\u00e3o do trato urin\u00e1rio e o m\u00e9dico prescreveu antibi\u00f3ticos para ela. Por\u00e9m, ap\u00f3s tomar apenas duas doses, seus sintomas pioraram e ela foi internada no hospital de Birmingham, na Inglaterra.Neste ponto, ela estava sofrendo de icter\u00edcia, fazendo com que sua pele e os olhos se tornassem amarelos. Sua condi\u00e7\u00e3o era t\u00e3o grave que ela foi considerada cr\u00edtica, pelos m\u00e9dicos, que acreditavam que ela estava sofrendo de hepatite, um incha\u00e7o ou inflama\u00e7\u00e3o do f\u00edgado. A hepatite pode ser causada por um v\u00edrus ou quando o f\u00edgado est\u00e1 exposto \u00e0 algumas subst\u00e2ncias prejudiciais, tais como o \u00e1lcool.<\/p>\n<p>Mas, a adolescente, que era originalmente do I\u00eamen, na Pen\u00ednsula Ar\u00e1bica, mas morava na Inglaterra, negou consumir \u00e1lcool ou qualquer outro medicamento suspeito, como o paracetamol, ou drogas ilegais. Ela tamb\u00e9m n\u00e3o tinha viajado para o exterior, recentemente, onde poderia ter entrado em contato com um v\u00edrus que causa a hepatite, e nunca tinha tido uma transfus\u00e3o de sangue ou outra forma de cont\u00e1gio.<\/p>\n<p>Ent\u00e3o, quando os m\u00e9dicos a questionaram novamente, ela recordou-se do ch\u00e1 verde chin\u00eas queencomenda constantemente pela internet, no qual a descri\u00e7\u00e3o dizia que ele poderia ajudar na perda de peso. Ela tinha comprado duas caixas, cada uma contendo 100 sach\u00eas de ch\u00e1, e tinha bebido cerca de tr\u00eas x\u00edcaras por dia durante alguns meses.Como a maioria dos ingredientes estavam escritos em mandarim, ela n\u00e3o tinha ideia do que poderia estar presente na bebida.<\/p>\n<p>Os m\u00e9dicos imediatamente ordenaram que ela parasse de beber o ch\u00e1, e ap\u00f3s o tratamento com fluidos e drogas por meio de um sistema de gotejamento, o incha\u00e7o no f\u00edgado foi contido.Ap\u00f3s uma investiga\u00e7\u00e3o, uma esp\u00e9cie de planta encontrada no ch\u00e1, chamadaCamellia sinensis, (cujas folhas e brotos s\u00e3o usados para fazer ch\u00e1) teria causado a doen\u00e7a da menina. Ap\u00f3s uma breve estadia no hospital, ela recebeu alta, e dois meses depois, sua fun\u00e7\u00e3o hep\u00e1tica foi considerada normal. O ch\u00e1 verde j\u00e1 foi associado a danos no f\u00edgado, no passado, e h\u00e1 dezenas de casos na literatura m\u00e9dica que documentam pessoas com problemas ap\u00f3s a ingest\u00e3o de ch\u00e1 de folhas em p\u00f3, infus\u00f5es e extratos, inclusive em p\u00edlulas diet\u00e9ticas. H\u00e1 casos de insufici\u00eancia hep\u00e1tica grave com necessidade de transplante, causando at\u00e9 mesmo a morte, disseram os pesquisadores.<\/p>\n","protected":false},"excerpt":{"rendered":"<p>Uma adolescente desenvolveu uma inflama\u00e7\u00e3o grave no f\u00edgado devido ao ch\u00e1 verde que ela consumia com frequ\u00eancia, para perder peso. A menina n\u00e3o identificada (para preservar sua imagem), de 16 anos, procurou um m\u00e9dico ao sentir tontura, n\u00e1usea e dores no est\u00f4mago e nas articula\u00e7\u00f5es.<\/p>\n","protected":false},"author":1,"featured_media":19458,"comment_status":"open","ping_status":"open","sticky":false,"template":"","format":"standard","meta":{"_links_to":"","_links_to_target":""},"categories":[4,1],"tags":[],"views":2777,"_links":{"self":[{"href":"https:\/\/www.brazilianpress.com\/v1\/wp-json\/wp\/v2\/posts\/19457"}],"collection":[{"href":"https:\/\/www.brazilianpress.com\/v1\/wp-json\/wp\/v2\/posts"}],"about":[{"href":"https:\/\/www.brazilianpress.com\/v1\/wp-json\/wp\/v2\/types\/post"}],"author":[{"embeddable":true,"href":"https:\/\/www.brazilianpress.com\/v1\/wp-json\/wp\/v2\/users\/1"}],"replies":[{"embeddable":true,"href":"https:\/\/www.brazilianpress.com\/v1\/wp-json\/wp\/v2\/comments?post=19457"}],"version-history":[{"count":1,"href":"https:\/\/www.brazilianpress.com\/v1\/wp-json\/wp\/v2\/posts\/19457\/revisions"}],"predecessor-version":[{"id":19459,"href":"https:\/\/www.brazilianpress.com\/v1\/wp-json\/wp\/v2\/posts\/19457\/revisions\/19459"}],"wp:featuredmedia":[{"embeddable":true,"href":"https:\/\/www.brazilianpress.com\/v1\/wp-json\/wp\/v2\/media\/19458"}],"wp:attachment":[{"href":"https:\/\/www.brazilianpress.com\/v1\/wp-json\/wp\/v2\/media?parent=19457"}],"wp:term":[{"taxonomy":"category","embeddable":true,"href":"https:\/\/www.brazilianpress.com\/v1\/wp-json\/wp\/v2\/categories?post=19457"},{"taxonomy":"post_tag","embeddable":true,"href":"https:\/\/www.brazilianpress.com\/v1\/wp-json\/wp\/v2\/tags?post=19457"}],"curies":[{"name":"wp","href":"https:\/\/api.w.org\/{rel}","templated":true}]}}