{"id":19482,"date":"2015-12-17T10:27:53","date_gmt":"2015-12-17T14:27:53","guid":{"rendered":"http:\/\/www.brazilianpress.com\/v1\/?p=19482"},"modified":"2015-12-24T10:16:59","modified_gmt":"2015-12-24T14:16:59","slug":"social-press-17122015","status":"publish","type":"post","link":"https:\/\/www.brazilianpress.com\/v1\/2015\/12\/17\/social-press-17122015\/","title":{"rendered":"Social Press . 17\/12\/2015"},"content":{"rendered":"<p><strong><em><img loading=\"lazy\" class=\"alignnone size-full wp-image-19471\" src=\"http:\/\/www.brazilianpress.com\/v1\/wp-content\/uploads\/2015\/12\/sociel-press-ed1762-20151217-1.jpg\" alt=\"sociel press ed1762 20151217 (1)\" width=\"400\" height=\"400\" srcset=\"https:\/\/www.brazilianpress.com\/v1\/wp-content\/uploads\/2015\/12\/sociel-press-ed1762-20151217-1.jpg 400w, https:\/\/www.brazilianpress.com\/v1\/wp-content\/uploads\/2015\/12\/sociel-press-ed1762-20151217-1-150x150.jpg 150w, https:\/\/www.brazilianpress.com\/v1\/wp-content\/uploads\/2015\/12\/sociel-press-ed1762-20151217-1-300x300.jpg 300w\" sizes=\"(max-width: 400px) 100vw, 400px\" \/><br \/>\nTempo de Esperan\u00e7a: os amigos Andr\u00e9 Henrique, Nina e Renatta visitaram a Arvore de Natal no Rockefeller Center. Merry Christmas!<\/em><\/strong><\/p>\n<p><strong><em><img loading=\"lazy\" class=\"alignnone size-full wp-image-19472\" src=\"http:\/\/www.brazilianpress.com\/v1\/wp-content\/uploads\/2015\/12\/sociel-press-ed1762-20151217-2.jpg\" alt=\"sociel press ed1762 20151217 (2)\" width=\"350\" height=\"467\" srcset=\"https:\/\/www.brazilianpress.com\/v1\/wp-content\/uploads\/2015\/12\/sociel-press-ed1762-20151217-2.jpg 350w, https:\/\/www.brazilianpress.com\/v1\/wp-content\/uploads\/2015\/12\/sociel-press-ed1762-20151217-2-225x300.jpg 225w\" sizes=\"(max-width: 350px) 100vw, 350px\" \/><br \/>\nStars: a carioca Rosane Salom\u00e3o clicou o astro Jaden Smith, filho de Will Smith, num momento de descontra\u00e7\u00e3o em Tribeca.<\/em><\/strong><\/p>\n<p><strong><em><img loading=\"lazy\" class=\"alignnone size-full wp-image-19473\" src=\"http:\/\/www.brazilianpress.com\/v1\/wp-content\/uploads\/2015\/12\/sociel-press-ed1762-20151217-3.jpg\" alt=\"sociel press ed1762 20151217 (3)\" width=\"350\" height=\"438\" srcset=\"https:\/\/www.brazilianpress.com\/v1\/wp-content\/uploads\/2015\/12\/sociel-press-ed1762-20151217-3.jpg 350w, https:\/\/www.brazilianpress.com\/v1\/wp-content\/uploads\/2015\/12\/sociel-press-ed1762-20151217-3-240x300.jpg 240w\" sizes=\"(max-width: 350px) 100vw, 350px\" \/><br \/>\nNosso amigo Aluizio Ata\u00edde tem motivos de sobra pra celebrar o Natal com a presen\u00e7a da filhota Stephanie, acabou de desembarcar para passar as f\u00e9rias! Aproveitem!<\/em><\/strong><!--more--><\/p>\n<p><strong><em><img loading=\"lazy\" class=\"alignnone size-full wp-image-19474\" src=\"http:\/\/www.brazilianpress.com\/v1\/wp-content\/uploads\/2015\/12\/sociel-press-ed1762-20151217-4.jpg\" alt=\"sociel press ed1762 20151217 (4)\" width=\"450\" height=\"300\" srcset=\"https:\/\/www.brazilianpress.com\/v1\/wp-content\/uploads\/2015\/12\/sociel-press-ed1762-20151217-4.jpg 450w, https:\/\/www.brazilianpress.com\/v1\/wp-content\/uploads\/2015\/12\/sociel-press-ed1762-20151217-4-300x200.jpg 300w\" sizes=\"(max-width: 450px) 100vw, 450px\" \/><br \/>\nAlmo\u00e7o de Domingo: Jo\u00e3o, Luis Poletto e Melissa Petroni desfrutaram da culinaria tipica brasileira em passeio no Ironbound.<\/em><\/strong><\/p>\n<p><strong><em><img loading=\"lazy\" class=\"alignnone size-full wp-image-19475\" src=\"http:\/\/www.brazilianpress.com\/v1\/wp-content\/uploads\/2015\/12\/sociel-press-ed1762-20151217-5.jpg\" alt=\"sociel press ed1762 20151217 (5)\" width=\"400\" height=\"386\" srcset=\"https:\/\/www.brazilianpress.com\/v1\/wp-content\/uploads\/2015\/12\/sociel-press-ed1762-20151217-5.jpg 400w, https:\/\/www.brazilianpress.com\/v1\/wp-content\/uploads\/2015\/12\/sociel-press-ed1762-20151217-5-300x290.jpg 300w\" sizes=\"(max-width: 400px) 100vw, 400px\" \/><br \/>\nGrande abra\u00e7o a linda familia do nosso amigo Leto Gomes, profissional das filmagens no comando da Studio Imagem. Feliz Natal!<\/em><\/strong><\/p>\n<p><strong><em><img loading=\"lazy\" class=\"alignnone size-full wp-image-19476\" src=\"http:\/\/www.brazilianpress.com\/v1\/wp-content\/uploads\/2015\/12\/sociel-press-ed1762-20151217-6.jpg\" alt=\"sociel press ed1762 20151217 (6)\" width=\"350\" height=\"467\" srcset=\"https:\/\/www.brazilianpress.com\/v1\/wp-content\/uploads\/2015\/12\/sociel-press-ed1762-20151217-6.jpg 350w, https:\/\/www.brazilianpress.com\/v1\/wp-content\/uploads\/2015\/12\/sociel-press-ed1762-20151217-6-225x300.jpg 225w\" sizes=\"(max-width: 350px) 100vw, 350px\" \/><br \/>\nHappy Birthday ao fofo Joshua Conlin celebrando 3 aninhos. Deus aben\u00e7oe grandemente!!!<\/em><\/strong><\/p>\n<p><strong><em><img loading=\"lazy\" class=\"alignnone size-full wp-image-19477\" src=\"http:\/\/www.brazilianpress.com\/v1\/wp-content\/uploads\/2015\/12\/sociel-press-ed1762-20151217-7.jpg\" alt=\"sociel press ed1762 20151217 (7)\" width=\"400\" height=\"400\" srcset=\"https:\/\/www.brazilianpress.com\/v1\/wp-content\/uploads\/2015\/12\/sociel-press-ed1762-20151217-7.jpg 400w, https:\/\/www.brazilianpress.com\/v1\/wp-content\/uploads\/2015\/12\/sociel-press-ed1762-20151217-7-150x150.jpg 150w, https:\/\/www.brazilianpress.com\/v1\/wp-content\/uploads\/2015\/12\/sociel-press-ed1762-20151217-7-300x300.jpg 300w\" sizes=\"(max-width: 400px) 100vw, 400px\" \/><br \/>\nA dupla Lorena Veiga e Leandro Prata estiveram gravando momentos musicais no Central Park para o Programa de Rodrigo Faro na TV Record. Sucesso!<\/em><\/strong><\/p>\n<p><strong><em><img loading=\"lazy\" class=\"alignnone size-full wp-image-19478\" src=\"http:\/\/www.brazilianpress.com\/v1\/wp-content\/uploads\/2015\/12\/sociel-press-ed1762-20151217-8.jpg\" alt=\"sociel press ed1762 20151217 (8)\" width=\"350\" height=\"453\" srcset=\"https:\/\/www.brazilianpress.com\/v1\/wp-content\/uploads\/2015\/12\/sociel-press-ed1762-20151217-8.jpg 350w, https:\/\/www.brazilianpress.com\/v1\/wp-content\/uploads\/2015\/12\/sociel-press-ed1762-20151217-8-232x300.jpg 232w\" sizes=\"(max-width: 350px) 100vw, 350px\" \/><br \/>\nHappy Birthday a gatinha Sonja, celebrando mais uma Primavera ao lado do namorado Rodrigo, em divertido passeio por Manhattan.<\/em><\/strong><\/p>\n","protected":false},"excerpt":{"rendered":"<p>Tempo de Esperan\u00e7a: os amigos Andr\u00e9 Henrique, Nina e Renatta visitaram a Arvore de Natal no Rockefeller Center. Merry Christmas! Stars: a carioca Rosane Salom\u00e3o clicou o astro Jaden Smith, filho de Will Smith, num momento de descontra\u00e7\u00e3o em Tribeca. Nosso amigo Aluizio Ata\u00edde tem motivos de sobra pra celebrar o Natal com a presen\u00e7a da filhota Stephanie, acabou de desembarcar para passar as f\u00e9rias! Aproveitem!<\/p>\n","protected":false},"author":1,"featured_media":19471,"comment_status":"open","ping_status":"open","sticky":false,"template":"","format":"standard","meta":{"_links_to":"","_links_to_target":""},"categories":[4,19,1,6],"tags":[],"views":2893,"_links":{"self":[{"href":"https:\/\/www.brazilianpress.com\/v1\/wp-json\/wp\/v2\/posts\/19482"}],"collection":[{"href":"https:\/\/www.brazilianpress.com\/v1\/wp-json\/wp\/v2\/posts"}],"about":[{"href":"https:\/\/www.brazilianpress.com\/v1\/wp-json\/wp\/v2\/types\/post"}],"author":[{"embeddable":true,"href":"https:\/\/www.brazilianpress.com\/v1\/wp-json\/wp\/v2\/users\/1"}],"replies":[{"embeddable":true,"href":"https:\/\/www.brazilianpress.com\/v1\/wp-json\/wp\/v2\/comments?post=19482"}],"version-history":[{"count":1,"href":"https:\/\/www.brazilianpress.com\/v1\/wp-json\/wp\/v2\/posts\/19482\/revisions"}],"predecessor-version":[{"id":19483,"href":"https:\/\/www.brazilianpress.com\/v1\/wp-json\/wp\/v2\/posts\/19482\/revisions\/19483"}],"wp:featuredmedia":[{"embeddable":true,"href":"https:\/\/www.brazilianpress.com\/v1\/wp-json\/wp\/v2\/media\/19471"}],"wp:attachment":[{"href":"https:\/\/www.brazilianpress.com\/v1\/wp-json\/wp\/v2\/media?parent=19482"}],"wp:term":[{"taxonomy":"category","embeddable":true,"href":"https:\/\/www.brazilianpress.com\/v1\/wp-json\/wp\/v2\/categories?post=19482"},{"taxonomy":"post_tag","embeddable":true,"href":"https:\/\/www.brazilianpress.com\/v1\/wp-json\/wp\/v2\/tags?post=19482"}],"curies":[{"name":"wp","href":"https:\/\/api.w.org\/{rel}","templated":true}]}}