{"id":1950,"date":"2013-07-25T11:47:15","date_gmt":"2013-07-25T15:47:15","guid":{"rendered":"http:\/\/www.brazilianpress.com\/v1\/?p=1950"},"modified":"2013-07-25T11:47:15","modified_gmt":"2013-07-25T15:47:15","slug":"onda-de-calor-deixa-quatro-mortos-em-nova-york","status":"publish","type":"post","link":"https:\/\/www.brazilianpress.com\/v1\/2013\/07\/25\/onda-de-calor-deixa-quatro-mortos-em-nova-york\/","title":{"rendered":"Onda de calor deixa quatro mortos em Nova York"},"content":{"rendered":"<p>Quatro idosos morreram de hipertermia pela onda de calor que castigou Nova York nos \u00faltimos dias, anunciou na segunda-feira a porta-voz do Instituto M\u00e9dico Legal local.<\/p>\n<p><img loading=\"lazy\" class=\"alignnone size-full wp-image-1946\" alt=\"heat\" src=\"http:\/\/www.brazilianpress.com\/v1\/wp-content\/uploads\/2013\/07\/heat.jpg\" width=\"500\" height=\"333\" srcset=\"https:\/\/www.brazilianpress.com\/v1\/wp-content\/uploads\/2013\/07\/heat.jpg 500w, https:\/\/www.brazilianpress.com\/v1\/wp-content\/uploads\/2013\/07\/heat-300x199.jpg 300w\" sizes=\"(max-width: 500px) 100vw, 500px\" \/><\/p>\n<p>Duas pessoas faleceram na sexta-feira passada: um homem de 78 anos, no Brooklyn; e uma mulher de 81, em Manhattan &#8211; declarou a porta-voz Ellen Borakove, em um e-mail enviado \u00e0 AFP.<!--more--><\/p>\n<p>Outro senhor, de 88 anos, morreu no s\u00e1bado, em Staten Island, assim como uma quarta pessoa, uma senhora de 83, no Bronx &#8211; acrescentou a mesma fonte. Em todos os casos, a causa oficial do \u00f3bito foi hipertermia (exposi\u00e7\u00e3o a uma temperatura ambiente elevada).<\/p>\n<p>At\u00e9 s\u00e1bado passado, os nova-iorquinos sofreram uma onda de calor excepcional, com sensa\u00e7\u00e3o t\u00e9rmica de pelo menos 43\u00b0C. O prefeito Michael Bloomberg intensificou as recomenda\u00e7\u00f5es para que a popula\u00e7\u00e3o &#8220;use o ar-condicionado, evite a desidrata\u00e7\u00e3o e se informe sobre a sa\u00fade de amigos, ou familiares vulner\u00e1veis&#8221;. Mais de 420 &#8220;centros refrigerados&#8221; foram abertos para receber os moradores. Na segunda, a temperatura se situava em torno dos 27\u00baC, com chuvas intermitentes.<\/p>\n","protected":false},"excerpt":{"rendered":"<p>Quatro idosos morreram de hipertermia pela onda de calor que castigou Nova York nos \u00faltimos dias, anunciou na segunda-feira a porta-voz do Instituto M\u00e9dico Legal local. Duas pessoas faleceram na sexta-feira passada: um homem de 78 anos, no Brooklyn; e uma mulher de 81, em Manhattan &#8211; declarou a porta-voz Ellen Borakove, em um e-mail enviado \u00e0 AFP.<\/p>\n","protected":false},"author":1,"featured_media":1946,"comment_status":"open","ping_status":"open","sticky":false,"template":"","format":"standard","meta":{"_links_to":"","_links_to_target":""},"categories":[1,10],"tags":[],"views":2352,"_links":{"self":[{"href":"https:\/\/www.brazilianpress.com\/v1\/wp-json\/wp\/v2\/posts\/1950"}],"collection":[{"href":"https:\/\/www.brazilianpress.com\/v1\/wp-json\/wp\/v2\/posts"}],"about":[{"href":"https:\/\/www.brazilianpress.com\/v1\/wp-json\/wp\/v2\/types\/post"}],"author":[{"embeddable":true,"href":"https:\/\/www.brazilianpress.com\/v1\/wp-json\/wp\/v2\/users\/1"}],"replies":[{"embeddable":true,"href":"https:\/\/www.brazilianpress.com\/v1\/wp-json\/wp\/v2\/comments?post=1950"}],"version-history":[{"count":2,"href":"https:\/\/www.brazilianpress.com\/v1\/wp-json\/wp\/v2\/posts\/1950\/revisions"}],"predecessor-version":[{"id":1953,"href":"https:\/\/www.brazilianpress.com\/v1\/wp-json\/wp\/v2\/posts\/1950\/revisions\/1953"}],"wp:featuredmedia":[{"embeddable":true,"href":"https:\/\/www.brazilianpress.com\/v1\/wp-json\/wp\/v2\/media\/1946"}],"wp:attachment":[{"href":"https:\/\/www.brazilianpress.com\/v1\/wp-json\/wp\/v2\/media?parent=1950"}],"wp:term":[{"taxonomy":"category","embeddable":true,"href":"https:\/\/www.brazilianpress.com\/v1\/wp-json\/wp\/v2\/categories?post=1950"},{"taxonomy":"post_tag","embeddable":true,"href":"https:\/\/www.brazilianpress.com\/v1\/wp-json\/wp\/v2\/tags?post=1950"}],"curies":[{"name":"wp","href":"https:\/\/api.w.org\/{rel}","templated":true}]}}