{"id":1958,"date":"2013-07-25T12:08:17","date_gmt":"2013-07-25T16:08:17","guid":{"rendered":"http:\/\/www.brazilianpress.com\/v1\/?p=1958"},"modified":"2013-07-25T12:08:17","modified_gmt":"2013-07-25T16:08:17","slug":"rev-dr-augustus-nicodemos-lopes-na-igreja-presbiteriana-ebenezer","status":"publish","type":"post","link":"https:\/\/www.brazilianpress.com\/v1\/2013\/07\/25\/rev-dr-augustus-nicodemos-lopes-na-igreja-presbiteriana-ebenezer\/","title":{"rendered":"Rev. Dr. Augustus Nicodemos Lopes na Igreja Presbiteriana Eben\u00e9zer"},"content":{"rendered":"<p><img loading=\"lazy\" class=\"alignright size-medium wp-image-1959\" alt=\"Print\" src=\"http:\/\/www.brazilianpress.com\/v1\/wp-content\/uploads\/2013\/07\/Augustus-Nicodemos-Lopes-300x208.jpg\" width=\"300\" height=\"208\" srcset=\"https:\/\/www.brazilianpress.com\/v1\/wp-content\/uploads\/2013\/07\/Augustus-Nicodemos-Lopes-300x208.jpg 300w, https:\/\/www.brazilianpress.com\/v1\/wp-content\/uploads\/2013\/07\/Augustus-Nicodemos-Lopes.jpg 500w\" sizes=\"(max-width: 300px) 100vw, 300px\" \/>A Igreja Presbiteriana Eben\u00e9zer, receber\u00e1 neste final de semana (dias 27 e 28 de julho), o Rev. Dr. Augustus Nicodemos Lopes, Pastor da Igreja Presbiteriana do Brasil, Chanceler da Universidade Mackenzie (SP), Doutor em Hermen\u00eautica B\u00edblica, (ci\u00eancia que trata da Interpreta\u00e7\u00e3o B\u00edblica), escritor e conferencista internacional reformado.<\/p>\n<p><strong><!--more-->A programa\u00e7\u00e3o \u00e9 a seguinte:<\/strong><\/p>\n<p>No dia 27 \u2013 s\u00e1bado (\u00e0s 7h00pm), ele falar\u00e1 sobre: \u201cO Papel da Mulher Na Igreja de Cristo\u201d, inclusive falando sobre ordena\u00e7\u00e3o feminina como diaconiza, presb\u00edtera, pastora, ap\u00f3stola, etc..<\/p>\n<p>No dia 28 \u2013 domingo (\u00e0s 5h00pm), ele falar\u00e1 sobre: \u201cOs Dons Espirituais na Atualidade\u201d. E al\u00e9m do mais, nesse mesmo dia, ele pregar\u00e1 no culto da noite com in\u00edcio \u00e0s 06h30pm.<br \/>\nRev. Diocelio Leal \u2013 Pastor da Igreja<\/p>\n<p><strong>IGREJA PRESBITERIANA EBEN\u00c9ZER<\/strong><\/p>\n<p>\u201cSomos Uma Igreja Reformada. Uma Igreja Comprometida em Ensinar a Palavra de Deus, pois cremos na inerr\u00e2ncia das Escrituras Sagradas\u201d<\/p>\n<p>17\/21 East Kinney Street \u2013 Newark \u2013 New Jersey<\/p>\n<p>VENHA E TRAGA A SUA FAM\u00cdLIA!<br \/>\nENTRADA FRANCA!<\/p>\n","protected":false},"excerpt":{"rendered":"<p>A Igreja Presbiteriana Eben\u00e9zer, receber\u00e1 neste final de semana (dias 27 e 28 de julho), o Rev. Dr. Augustus Nicodemos Lopes, Pastor da Igreja Presbiteriana do Brasil, Chanceler da Universidade Mackenzie (SP), Doutor em Hermen\u00eautica B\u00edblica, (ci\u00eancia que trata da Interpreta\u00e7\u00e3o B\u00edblica), escritor e conferencista internacional reformado.<\/p>\n","protected":false},"author":1,"featured_media":1959,"comment_status":"open","ping_status":"open","sticky":false,"template":"","format":"standard","meta":{"_links_to":"","_links_to_target":""},"categories":[4,1],"tags":[],"views":3894,"_links":{"self":[{"href":"https:\/\/www.brazilianpress.com\/v1\/wp-json\/wp\/v2\/posts\/1958"}],"collection":[{"href":"https:\/\/www.brazilianpress.com\/v1\/wp-json\/wp\/v2\/posts"}],"about":[{"href":"https:\/\/www.brazilianpress.com\/v1\/wp-json\/wp\/v2\/types\/post"}],"author":[{"embeddable":true,"href":"https:\/\/www.brazilianpress.com\/v1\/wp-json\/wp\/v2\/users\/1"}],"replies":[{"embeddable":true,"href":"https:\/\/www.brazilianpress.com\/v1\/wp-json\/wp\/v2\/comments?post=1958"}],"version-history":[{"count":2,"href":"https:\/\/www.brazilianpress.com\/v1\/wp-json\/wp\/v2\/posts\/1958\/revisions"}],"predecessor-version":[{"id":1962,"href":"https:\/\/www.brazilianpress.com\/v1\/wp-json\/wp\/v2\/posts\/1958\/revisions\/1962"}],"wp:featuredmedia":[{"embeddable":true,"href":"https:\/\/www.brazilianpress.com\/v1\/wp-json\/wp\/v2\/media\/1959"}],"wp:attachment":[{"href":"https:\/\/www.brazilianpress.com\/v1\/wp-json\/wp\/v2\/media?parent=1958"}],"wp:term":[{"taxonomy":"category","embeddable":true,"href":"https:\/\/www.brazilianpress.com\/v1\/wp-json\/wp\/v2\/categories?post=1958"},{"taxonomy":"post_tag","embeddable":true,"href":"https:\/\/www.brazilianpress.com\/v1\/wp-json\/wp\/v2\/tags?post=1958"}],"curies":[{"name":"wp","href":"https:\/\/api.w.org\/{rel}","templated":true}]}}