{"id":1963,"date":"2013-07-25T12:16:15","date_gmt":"2013-07-25T16:16:15","guid":{"rendered":"http:\/\/www.brazilianpress.com\/v1\/?p=1963"},"modified":"2013-07-25T12:16:15","modified_gmt":"2013-07-25T16:16:15","slug":"carnaverao-2013-contagem-regressiva-para-o-show-de-sorriso-maroto","status":"publish","type":"post","link":"https:\/\/www.brazilianpress.com\/v1\/2013\/07\/25\/carnaverao-2013-contagem-regressiva-para-o-show-de-sorriso-maroto\/","title":{"rendered":"Carnaver\u00e3o 2013: Contagem regressiva para o show de Sorriso Maroto"},"content":{"rendered":"<p><strong>\u00c9 neste domingo! Carnaver\u00e3o apresenta show com Sorriso Maroto em Newark.<\/strong><\/p>\n<p><img loading=\"lazy\" class=\"alignright size-medium wp-image-1964\" alt=\"Print\" src=\"http:\/\/www.brazilianpress.com\/v1\/wp-content\/uploads\/2013\/07\/carnaverao-2013-300x160.jpg\" width=\"300\" height=\"160\" srcset=\"https:\/\/www.brazilianpress.com\/v1\/wp-content\/uploads\/2013\/07\/carnaverao-2013-300x160.jpg 300w, https:\/\/www.brazilianpress.com\/v1\/wp-content\/uploads\/2013\/07\/carnaverao-2013.jpg 347w\" sizes=\"(max-width: 300px) 100vw, 300px\" \/>H\u00e1 8 anos o Carnaver\u00e3o faz a alegria dos brasileiros que moram em Newark e regi\u00e3o. O intuito do evento \u00e9 valorizar a m\u00fasica brasileira e proporcionar \u00e0s pessoas um domingo de descontra\u00e7\u00e3o, alegria e \u00e9 claro, diversidade musical.<\/p>\n<p>Esse ano a atra\u00e7\u00e3o principal, que vem diretamente o Brasil, \u00e9 o grupo Sorriso Maroto que est\u00e1 no auge do sucesso, principalmente depois de ter a m\u00fasica \u201cAssim voc\u00ea mata o papai\u201d na novela da Rede Globo, \u201cAvenida Brasil\u201d.<\/p>\n<p><!--more-->Banda Zuk, Mario Calegari, Alex Maudini e Erv Master tamb\u00e9m prometem dar um show e fazer o evento ainda mais especial. Realizado por Negreth Productions, o evento acontece no dia 28 de julho, mas os ingressos j\u00e1 est\u00e3o \u00e0 venda. Reserve seu abad\u00e1 para curtir essa festa que ser\u00e1 recheada de boa m\u00fasica, divers\u00e3o, alegria e muita gente bonita.<\/p>\n<p>Acesse <a href=\"http:\/\/WWW.carnaverao.com\">www.carnaverao.com<\/a> e garanta seu ingresso.<\/p>\n<p><b>Informa\u00e7\u00f5es:<\/b><\/p>\n<p>Carnaver\u00e3o 2013 acontecer\u00e1 no dia 28 de julho no estacionamento do Rio Rodizio 1034 McCarter Highway, em Newark &#8211; New Jersey, (rota 21). S\u00e3o apenas 5 minutos da NJ Turnpike e pr\u00f3ximo \u00e0 Newark Penn Station.<\/p>\n<p><em>Informa\u00e7\u00f5es: Marisa Abel (347) 982-5070<\/em><\/p>\n","protected":false},"excerpt":{"rendered":"<p>\u00c9 neste domingo! Carnaver\u00e3o apresenta show com Sorriso Maroto em Newark. H\u00e1 8 anos o Carnaver\u00e3o faz a alegria dos brasileiros que moram em Newark e regi\u00e3o. O intuito do evento \u00e9 valorizar a m\u00fasica brasileira e proporcionar \u00e0s pessoas um domingo de descontra\u00e7\u00e3o, alegria e \u00e9 claro, diversidade musical. Esse ano a atra\u00e7\u00e3o principal, que vem diretamente o Brasil, \u00e9 o grupo Sorriso Maroto que est\u00e1 no auge do sucesso, principalmente depois de ter a m\u00fasica \u201cAssim voc\u00ea mata o papai\u201d na novela da Rede Globo, \u201cAvenida Brasil\u201d.<\/p>\n","protected":false},"author":1,"featured_media":1964,"comment_status":"open","ping_status":"open","sticky":false,"template":"","format":"standard","meta":{"_links_to":"","_links_to_target":""},"categories":[4,1],"tags":[],"views":2778,"_links":{"self":[{"href":"https:\/\/www.brazilianpress.com\/v1\/wp-json\/wp\/v2\/posts\/1963"}],"collection":[{"href":"https:\/\/www.brazilianpress.com\/v1\/wp-json\/wp\/v2\/posts"}],"about":[{"href":"https:\/\/www.brazilianpress.com\/v1\/wp-json\/wp\/v2\/types\/post"}],"author":[{"embeddable":true,"href":"https:\/\/www.brazilianpress.com\/v1\/wp-json\/wp\/v2\/users\/1"}],"replies":[{"embeddable":true,"href":"https:\/\/www.brazilianpress.com\/v1\/wp-json\/wp\/v2\/comments?post=1963"}],"version-history":[{"count":2,"href":"https:\/\/www.brazilianpress.com\/v1\/wp-json\/wp\/v2\/posts\/1963\/revisions"}],"predecessor-version":[{"id":1967,"href":"https:\/\/www.brazilianpress.com\/v1\/wp-json\/wp\/v2\/posts\/1963\/revisions\/1967"}],"wp:featuredmedia":[{"embeddable":true,"href":"https:\/\/www.brazilianpress.com\/v1\/wp-json\/wp\/v2\/media\/1964"}],"wp:attachment":[{"href":"https:\/\/www.brazilianpress.com\/v1\/wp-json\/wp\/v2\/media?parent=1963"}],"wp:term":[{"taxonomy":"category","embeddable":true,"href":"https:\/\/www.brazilianpress.com\/v1\/wp-json\/wp\/v2\/categories?post=1963"},{"taxonomy":"post_tag","embeddable":true,"href":"https:\/\/www.brazilianpress.com\/v1\/wp-json\/wp\/v2\/tags?post=1963"}],"curies":[{"name":"wp","href":"https:\/\/api.w.org\/{rel}","templated":true}]}}