{"id":1968,"date":"2013-07-25T12:21:09","date_gmt":"2013-07-25T16:21:09","guid":{"rendered":"http:\/\/www.brazilianpress.com\/v1\/?p=1968"},"modified":"2013-07-25T12:48:01","modified_gmt":"2013-07-25T16:48:01","slug":"cobertura-brasil-summerfest-no-summerstage-central-park","status":"publish","type":"post","link":"https:\/\/www.brazilianpress.com\/v1\/2013\/07\/25\/cobertura-brasil-summerfest-no-summerstage-central-park\/","title":{"rendered":"Cobertura Brasil SummerFest no SummerStage Central Park"},"content":{"rendered":"<p><b><i>By Jr. <\/i><\/b><b><i>Schutt. Photos by Angelo Nunes<\/i><\/b><\/p>\n<p>Sob temperaturas r\u00e9cordes, e a grande presen\u00e7a do p\u00fablico lotando as instala\u00e7\u00f5es do SummerStage Central Park, o Brasil SummerFest inicou a Temporada 2013 s\u00e1bado passado com a Invas\u00e3o Brasileira promovida pelo Rapper Emicida, a exuber\u00e2ncia da energia de Gaby Amarantos e a batida irresist\u00edvel do Planet Hemp, liderados por Marcelo D2.<\/p>\n<p><img loading=\"lazy\" class=\"alignnone size-full wp-image-1969\" alt=\"summerfest 2013 (1)\" src=\"http:\/\/www.brazilianpress.com\/v1\/wp-content\/uploads\/2013\/07\/summerfest-2013-1.jpg\" width=\"500\" height=\"333\" srcset=\"https:\/\/www.brazilianpress.com\/v1\/wp-content\/uploads\/2013\/07\/summerfest-2013-1.jpg 500w, https:\/\/www.brazilianpress.com\/v1\/wp-content\/uploads\/2013\/07\/summerfest-2013-1-300x199.jpg 300w\" sizes=\"(max-width: 500px) 100vw, 500px\" \/><\/p>\n<p><!--more-->Celebridades se misturavam as comunidades brasileiras vindas de todas as partes, colorindo o ambiente com um Alto-Astral t\u00edpico de nossas ra\u00edzes, al\u00e9m dos aspectos no palco, e na vibra\u00e7\u00e3o da galera, que refletiam a atual cena de manifesta\u00e7\u00f5es no Brasil. Quem apareceu para uma canja foi Seu Jorge, levando a multid\u00e3o ao del\u00edrio. Parab\u00e9ns a todos os envolvidos na organiza\u00e7\u00e3o deste evento sensacional. Visite nosso site <a href=\"http:\/\/www.brazilianpress.com\">www.brazilianpress.com<\/a> e confira as Fotos Exclusivas. Ah, e n\u00e3o esquece de curtir nossa p\u00e1gina no Facebook!<\/p>\n<p><img loading=\"lazy\" class=\"alignnone size-full wp-image-1970\" alt=\"summerfest 2013 (2)\" src=\"http:\/\/www.brazilianpress.com\/v1\/wp-content\/uploads\/2013\/07\/summerfest-2013-2.jpg\" width=\"500\" height=\"333\" srcset=\"https:\/\/www.brazilianpress.com\/v1\/wp-content\/uploads\/2013\/07\/summerfest-2013-2.jpg 500w, https:\/\/www.brazilianpress.com\/v1\/wp-content\/uploads\/2013\/07\/summerfest-2013-2-300x199.jpg 300w\" sizes=\"(max-width: 500px) 100vw, 500px\" \/><\/p>\n","protected":false},"excerpt":{"rendered":"<p>By Jr. Schutt. Photos by Angelo Nunes Sob temperaturas r\u00e9cordes, e a grande presen\u00e7a do p\u00fablico lotando as instala\u00e7\u00f5es do SummerStage Central Park, o Brasil SummerFest inicou a Temporada 2013 s\u00e1bado passado com a Invas\u00e3o Brasileira promovida pelo Rapper Emicida, a exuber\u00e2ncia da energia de Gaby Amarantos e a batida irresist\u00edvel do Planet Hemp, liderados por Marcelo D2.<\/p>\n","protected":false},"author":1,"featured_media":1969,"comment_status":"open","ping_status":"open","sticky":false,"template":"","format":"standard","meta":{"_links_to":"","_links_to_target":""},"categories":[4,1],"tags":[],"views":2198,"_links":{"self":[{"href":"https:\/\/www.brazilianpress.com\/v1\/wp-json\/wp\/v2\/posts\/1968"}],"collection":[{"href":"https:\/\/www.brazilianpress.com\/v1\/wp-json\/wp\/v2\/posts"}],"about":[{"href":"https:\/\/www.brazilianpress.com\/v1\/wp-json\/wp\/v2\/types\/post"}],"author":[{"embeddable":true,"href":"https:\/\/www.brazilianpress.com\/v1\/wp-json\/wp\/v2\/users\/1"}],"replies":[{"embeddable":true,"href":"https:\/\/www.brazilianpress.com\/v1\/wp-json\/wp\/v2\/comments?post=1968"}],"version-history":[{"count":3,"href":"https:\/\/www.brazilianpress.com\/v1\/wp-json\/wp\/v2\/posts\/1968\/revisions"}],"predecessor-version":[{"id":1974,"href":"https:\/\/www.brazilianpress.com\/v1\/wp-json\/wp\/v2\/posts\/1968\/revisions\/1974"}],"wp:featuredmedia":[{"embeddable":true,"href":"https:\/\/www.brazilianpress.com\/v1\/wp-json\/wp\/v2\/media\/1969"}],"wp:attachment":[{"href":"https:\/\/www.brazilianpress.com\/v1\/wp-json\/wp\/v2\/media?parent=1968"}],"wp:term":[{"taxonomy":"category","embeddable":true,"href":"https:\/\/www.brazilianpress.com\/v1\/wp-json\/wp\/v2\/categories?post=1968"},{"taxonomy":"post_tag","embeddable":true,"href":"https:\/\/www.brazilianpress.com\/v1\/wp-json\/wp\/v2\/tags?post=1968"}],"curies":[{"name":"wp","href":"https:\/\/api.w.org\/{rel}","templated":true}]}}