{"id":20150,"date":"2016-01-21T12:05:14","date_gmt":"2016-01-21T16:05:14","guid":{"rendered":"http:\/\/www.brazilianpress.com\/v1\/?p=20150"},"modified":"2016-01-21T14:54:44","modified_gmt":"2016-01-21T18:54:44","slug":"agenda-cultural-by-roger-costa-21012016","status":"publish","type":"post","link":"https:\/\/www.brazilianpress.com\/v1\/2016\/01\/21\/agenda-cultural-by-roger-costa-21012016\/","title":{"rendered":"Agenda Cultural, by Roger Costa . 21\/01\/2016"},"content":{"rendered":"<p><img loading=\"lazy\" class=\"alignnone size-full wp-image-20151\" src=\"http:\/\/www.brazilianpress.com\/v1\/wp-content\/uploads\/2016\/01\/agenda-cultura-ed1767-20160121-1.jpg\" alt=\"agenda cultura ed1767 20160121 (1)\" width=\"500\" height=\"307\" srcset=\"https:\/\/www.brazilianpress.com\/v1\/wp-content\/uploads\/2016\/01\/agenda-cultura-ed1767-20160121-1.jpg 500w, https:\/\/www.brazilianpress.com\/v1\/wp-content\/uploads\/2016\/01\/agenda-cultura-ed1767-20160121-1-300x184.jpg 300w\" sizes=\"(max-width: 500px) 100vw, 500px\" \/><\/p>\n<p><strong>*MoMA (11 West 53<sup>rd<\/sup> Street) &#8211;<\/strong> Atrav\u00e9s de instala\u00e7\u00f5es multim\u00eddia em aspecto urbano, como a r\u00e9plica de uma banca de jornais, que serve como centro de vendas de arte em uma esta\u00e7\u00e3o de metr\u00f4 no Brooklyn, <strong><em>a s\u00e9rie<\/em><\/strong> <strong><em>New Photography completa 30 anos<\/em><\/strong> apresentando trabalhos de 19 jovens artistas. <strong>\u201cOcean of Images\u201d (foto)<\/strong> examina as v\u00e1rias formas de fotografia na era moderna, digital, lentes, scanners, objetos, imagens remixadas, online e etc.<!--more--> O foco principal \u00e9 a conex\u00e3o e circula\u00e7\u00e3o com base no avan\u00e7o da informa\u00e7\u00e3o; <strong><em>artistas incluem o Angolano Edson Chagas,<\/em><\/strong> o Americano Lucas Blalock, a japonesa Yuki Kimura e a russa Marina Pinsky entre outros. No 3\u00ba Piso. At\u00e9 20 de Mar\u00e7o. <strong>Visite <\/strong><a href=\"http:\/\/www.moma.org\"><strong>www.moma.org<\/strong><\/a><strong>.<\/strong><\/p>\n<p><strong>*Joyce Theater (175 8<sup>th<\/sup> Avenue, 19<sup>th<\/sup> Street) &#8211;<\/strong> A ousadia, vitalidade e criatividade de uma das maiores companhias de <strong><em>dan\u00e7a contempor\u00e2nea<\/em><\/strong> no mundo pode ser conferida com novo espet\u00e1culo. <strong>Parsons Dance<\/strong> apresenta a premi\u00e8re de <strong><em>\u201cAlmah\u201d<\/em><\/strong> e outros favoritos, como o emocionante <strong><em>\u201cNascimento\u201d<\/em><\/strong> e o arrepiante <strong><em>\u201cCaught\u201d.<\/em><\/strong> Ingresso a partir de $10. At\u00e9 dia 31. <strong>Visite <\/strong><a href=\"http:\/\/www.joyce.org\"><strong>www.joyce.org<\/strong><\/a><strong>.<\/strong><\/p>\n<p><strong>*Taj Lounge (48 West 21<sup>st<\/sup> Street, entre 5\u00aa e 6\u00aa Aves.) &#8211;<\/strong> Para inaugurar a 10\u00aa temporada do Dance Parade, o evento <strong>\u201cLiftoff!\u201d<\/strong> re\u00fane DJ\u2019s consagrados e grupos de dan\u00e7a de <strong><em>Hip Hop, Bely Dance, Flamenco<\/em><\/strong> e tradicionais do Congo e Indon\u00e9sia. Realiza\u00e7\u00e3o <strong><em>DanceFest Emcee Donnie D\u2019Amato. <\/em><\/strong>Ingresso $10. Domingo de 7h00pm \u00e0s 10h00pm. <strong>Visite <\/strong><a href=\"http:\/\/www.danceparade.org\"><strong>www.danceparade.org<\/strong><\/a><strong>.<\/strong><\/p>\n<p><strong>*Anthology Film Archives (32 Second Avenue) &#8211;<\/strong> A s\u00e9rie <strong>American International Pictures,<\/strong> chega a 3\u00aa Fase, exibindo os t\u00edtulos da companhia <strong><em>AIP<\/em><\/strong>, pioneira na distribui\u00e7\u00e3o de filmes <strong><em>blaxploitation com foco em g\u00eaneros de horror, delinqu\u00eancia juvenil, motocicletas e sci-fi<\/em><\/strong>. Cl\u00e1ssicos cult como <strong><em>\u201cFoxy Brown\u201d e \u201cBlacula\u201d<\/em><\/strong> poder\u00e3o ser revisitados na programa\u00e7\u00e3o da s\u00e9rie a partir do dia 28. <strong>Visite <\/strong><a href=\"http:\/\/www.anthologyfilmarchives.org\"><strong>www.anthologyfilmarchives.org<\/strong><\/a><strong>.<\/strong><\/p>\n<p><img loading=\"lazy\" class=\"alignnone size-full wp-image-20152\" src=\"http:\/\/www.brazilianpress.com\/v1\/wp-content\/uploads\/2016\/01\/agenda-cultura-ed1767-20160121-2.jpg\" alt=\"agenda cultura ed1767 20160121 (2)\" width=\"500\" height=\"258\" srcset=\"https:\/\/www.brazilianpress.com\/v1\/wp-content\/uploads\/2016\/01\/agenda-cultura-ed1767-20160121-2.jpg 500w, https:\/\/www.brazilianpress.com\/v1\/wp-content\/uploads\/2016\/01\/agenda-cultura-ed1767-20160121-2-300x155.jpg 300w\" sizes=\"(max-width: 500px) 100vw, 500px\" \/><\/p>\n<p><strong>*NJPAC (1 Center Street, Newark) &#8211;<\/strong> Fim de semana agitado com programa\u00e7\u00e3o para agradar a todos os estilos. <strong>Na sexta<\/strong>, \u00e0s 8h00pm, a <strong><em>New Jersey Symphony Orchestra<\/em><\/strong> interpreta Fantastique sob condu\u00e7\u00e3o de Jacque Lacombe; <strong>no S\u00e1bado<\/strong> \u00e0s 2h00pm a produ\u00e7\u00e3o <strong>musical \u201cBob Marley\u2019s Three Little Birds\u201d (foto) <\/strong>apresentar\u00e1 a hist\u00f3ria de Ziggy, um garoto apavorado com as mudan\u00e7as clim\u00e1ticas da Jamaica. Adaptado do livro infantil de Cedella Marley. <strong>E no domingo<\/strong>, \u00e0s 7h00pm o radialista <strong><em>Garrison Keillor<\/em><\/strong> apresenta seu consagrado show A Prairie Home Companion. <strong>Visite <\/strong><a href=\"http:\/\/www.njpac.org\"><strong>www.njpac.org<\/strong><\/a><strong>.<\/strong><\/p>\n<p><strong>*Americas Society (680 Park Avenue) &#8211;<\/strong> Com o pre\u00e7o do \u00f3leo baixo, a economia da China desacelerando e rebeli\u00f5es pol\u00edticas suscitando na regi\u00e3o, <strong><em>o quadro econ\u00f4mico da Am\u00e9rica Latina est\u00e1 indefinido para o novo ano<\/em><\/strong>. Para discutir o assunto e apresentar fatores importantes, o diretor do <strong>IMF &#8211; International Monetary Fund, Alejandro Werner promove f\u00f3rum gratuito<\/strong> pr\u00f3xima ter\u00e7a-feira a partir das 6h00pm. A palestra ser\u00e1 moderada pela <em>economista Jimena Zuniga<\/em>. Reservas obrigat\u00f3rias. <strong>Visite <\/strong><a href=\"http:\/\/www.as-coa.org\"><strong>www.as-coa.org<\/strong><\/a><strong>.<\/strong><\/p>\n","protected":false},"excerpt":{"rendered":"<p>*MoMA (11 West 53rd Street) &#8211; Atrav\u00e9s de instala\u00e7\u00f5es multim\u00eddia em aspecto urbano, como a r\u00e9plica de uma banca de jornais, que serve como centro de vendas de arte em uma esta\u00e7\u00e3o de metr\u00f4 no Brooklyn, a s\u00e9rie New Photography completa 30 anos apresentando trabalhos de 19 jovens artistas. \u201cOcean of Images\u201d (foto) examina as v\u00e1rias formas de fotografia na era moderna, digital, lentes, scanners, objetos, imagens remixadas, online e etc.<\/p>\n","protected":false},"author":1,"featured_media":20151,"comment_status":"open","ping_status":"open","sticky":false,"template":"","format":"standard","meta":{"_links_to":"","_links_to_target":""},"categories":[20,1],"tags":[],"views":2592,"_links":{"self":[{"href":"https:\/\/www.brazilianpress.com\/v1\/wp-json\/wp\/v2\/posts\/20150"}],"collection":[{"href":"https:\/\/www.brazilianpress.com\/v1\/wp-json\/wp\/v2\/posts"}],"about":[{"href":"https:\/\/www.brazilianpress.com\/v1\/wp-json\/wp\/v2\/types\/post"}],"author":[{"embeddable":true,"href":"https:\/\/www.brazilianpress.com\/v1\/wp-json\/wp\/v2\/users\/1"}],"replies":[{"embeddable":true,"href":"https:\/\/www.brazilianpress.com\/v1\/wp-json\/wp\/v2\/comments?post=20150"}],"version-history":[{"count":1,"href":"https:\/\/www.brazilianpress.com\/v1\/wp-json\/wp\/v2\/posts\/20150\/revisions"}],"predecessor-version":[{"id":20153,"href":"https:\/\/www.brazilianpress.com\/v1\/wp-json\/wp\/v2\/posts\/20150\/revisions\/20153"}],"wp:featuredmedia":[{"embeddable":true,"href":"https:\/\/www.brazilianpress.com\/v1\/wp-json\/wp\/v2\/media\/20151"}],"wp:attachment":[{"href":"https:\/\/www.brazilianpress.com\/v1\/wp-json\/wp\/v2\/media?parent=20150"}],"wp:term":[{"taxonomy":"category","embeddable":true,"href":"https:\/\/www.brazilianpress.com\/v1\/wp-json\/wp\/v2\/categories?post=20150"},{"taxonomy":"post_tag","embeddable":true,"href":"https:\/\/www.brazilianpress.com\/v1\/wp-json\/wp\/v2\/tags?post=20150"}],"curies":[{"name":"wp","href":"https:\/\/api.w.org\/{rel}","templated":true}]}}