{"id":20154,"date":"2016-01-21T13:27:31","date_gmt":"2016-01-21T17:27:31","guid":{"rendered":"http:\/\/www.brazilianpress.com\/v1\/?p=20154"},"modified":"2016-01-21T13:27:31","modified_gmt":"2016-01-21T17:27:31","slug":"novela-colombiana-termina-sem-final-feliz-e-cruzeiro-desiste-de-volante","status":"publish","type":"post","link":"https:\/\/www.brazilianpress.com\/v1\/2016\/01\/21\/novela-colombiana-termina-sem-final-feliz-e-cruzeiro-desiste-de-volante\/","title":{"rendered":"&#8216;Novela colombiana&#8217; termina sem final feliz e Cruzeiro desiste de volante"},"content":{"rendered":"<p><img loading=\"lazy\" class=\"alignnone size-full wp-image-20155\" src=\"http:\/\/www.brazilianpress.com\/v1\/wp-content\/uploads\/2016\/01\/gustavo-cuellar-cruzeiro.jpg\" alt=\"gustavo-cuellar-cruzeiro\" width=\"500\" height=\"300\" srcset=\"https:\/\/www.brazilianpress.com\/v1\/wp-content\/uploads\/2016\/01\/gustavo-cuellar-cruzeiro.jpg 500w, https:\/\/www.brazilianpress.com\/v1\/wp-content\/uploads\/2016\/01\/gustavo-cuellar-cruzeiro-300x180.jpg 300w\" sizes=\"(max-width: 500px) 100vw, 500px\" \/><\/p>\n<p>O Cruzeiro n\u00e3o vai mais esperar o acordo entre Junior Barranquilla e Deportivo C\u00e1li e est\u00e1 oficialmente desistindo da contrata\u00e7\u00e3o do volante colombiano Gustavo Cu\u00e9llar. A informa\u00e7\u00e3o foi confirmada nesta manh\u00e3 de ter\u00e7a-feira pela diretoria de comunica\u00e7\u00e3o do clube. Desta forma, a diretoria vai retomar os trabalhos para tentar trazer outro jogador para o setor.<!--more--><\/p>\n<p>O interesse do Cruzeiro por Cu\u00e9llar come\u00e7ou na segunda metade do m\u00eas de dezembro. Emprestado pelo Deportivo C\u00e1li ao Junior Barranquilla at\u00e9 o m\u00eas de junho, o jogador seria repassado ao clube mineiro por empr\u00e9stimo de uma temporada e teria os direitos econ\u00f4micos fixados ap\u00f3s este per\u00edodo.<\/p>\n<p>A inten\u00e7\u00e3o do Barranquilla era de adquirir 70% dos direitos econ\u00f4micos do jogador. O atleta seria emprestado imediatamente ao Cruzeiro, que serviria de vitrine e ainda poderia compr\u00e1-lo em definitivo ao final do ano. Contudo, o clube colombiano n\u00e3o entrou em uma defini\u00e7\u00e3o com o Deportivo C\u00e1li, dono do passe do jogador.<\/p>\n<p>Enquanto os clubes colombianos n\u00e3o decidiam se a negocia\u00e7\u00e3o seria feita em 70% ou 100% dos direitos econ\u00f4micos do jogador, o Cruzeiro aguardava ao impasse, chegando a enviar um correspondente para acompanhar a negocia\u00e7\u00e3o mais de perto. Nos \u00faltimos dias, a agremia\u00e7\u00e3o mineira voltou a fazer uma investida para tentar fechar o neg\u00f3cio, mas esbarrou nos altos valores pedidos pelo Barranquilla, segundo o diretor de futebol, Thiago Scuro.<\/p>\n<p>Sem Cu\u00e9llar, o Cruzeiro volta agora suas aten\u00e7\u00f5es para contratar um novo jogador. Conforme j\u00e1 confirmado pelo vice de futebol, Bruno Vicintin, o clube vai correr atr\u00e1s de outro atleta para o setor. Em outra negocia\u00e7\u00e3o, o clube tamb\u00e9m est\u00e1 pr\u00f3ximo de fechar a troca de volantes entre Willians, para o Corinthians, e Marciel, para o Cruzeiro, por um empr\u00e9stimo de uma temporada.<\/p>\n","protected":false},"excerpt":{"rendered":"<p>O Cruzeiro n\u00e3o vai mais esperar o acordo entre Junior Barranquilla e Deportivo C\u00e1li e est\u00e1 oficialmente desistindo da contrata\u00e7\u00e3o do volante colombiano Gustavo Cu\u00e9llar. A informa\u00e7\u00e3o foi confirmada nesta manh\u00e3 de ter\u00e7a-feira pela diretoria de comunica\u00e7\u00e3o do clube. Desta forma, a diretoria vai retomar os trabalhos para tentar trazer outro jogador para o setor.<\/p>\n","protected":false},"author":1,"featured_media":20155,"comment_status":"open","ping_status":"open","sticky":false,"template":"","format":"standard","meta":{"_links_to":"","_links_to_target":""},"categories":[9,1],"tags":[],"views":2137,"_links":{"self":[{"href":"https:\/\/www.brazilianpress.com\/v1\/wp-json\/wp\/v2\/posts\/20154"}],"collection":[{"href":"https:\/\/www.brazilianpress.com\/v1\/wp-json\/wp\/v2\/posts"}],"about":[{"href":"https:\/\/www.brazilianpress.com\/v1\/wp-json\/wp\/v2\/types\/post"}],"author":[{"embeddable":true,"href":"https:\/\/www.brazilianpress.com\/v1\/wp-json\/wp\/v2\/users\/1"}],"replies":[{"embeddable":true,"href":"https:\/\/www.brazilianpress.com\/v1\/wp-json\/wp\/v2\/comments?post=20154"}],"version-history":[{"count":1,"href":"https:\/\/www.brazilianpress.com\/v1\/wp-json\/wp\/v2\/posts\/20154\/revisions"}],"predecessor-version":[{"id":20156,"href":"https:\/\/www.brazilianpress.com\/v1\/wp-json\/wp\/v2\/posts\/20154\/revisions\/20156"}],"wp:featuredmedia":[{"embeddable":true,"href":"https:\/\/www.brazilianpress.com\/v1\/wp-json\/wp\/v2\/media\/20155"}],"wp:attachment":[{"href":"https:\/\/www.brazilianpress.com\/v1\/wp-json\/wp\/v2\/media?parent=20154"}],"wp:term":[{"taxonomy":"category","embeddable":true,"href":"https:\/\/www.brazilianpress.com\/v1\/wp-json\/wp\/v2\/categories?post=20154"},{"taxonomy":"post_tag","embeddable":true,"href":"https:\/\/www.brazilianpress.com\/v1\/wp-json\/wp\/v2\/tags?post=20154"}],"curies":[{"name":"wp","href":"https:\/\/api.w.org\/{rel}","templated":true}]}}