{"id":20157,"date":"2016-01-21T13:28:33","date_gmt":"2016-01-21T17:28:33","guid":{"rendered":"http:\/\/www.brazilianpress.com\/v1\/?p=20157"},"modified":"2016-01-21T13:28:33","modified_gmt":"2016-01-21T17:28:33","slug":"guilherme-e-aprovado-em-exames-e-assina-com-corinthians-por-quatro-anos","status":"publish","type":"post","link":"https:\/\/www.brazilianpress.com\/v1\/2016\/01\/21\/guilherme-e-aprovado-em-exames-e-assina-com-corinthians-por-quatro-anos\/","title":{"rendered":"Guilherme \u00e9 aprovado em exames e assina com Corinthians por quatro anos"},"content":{"rendered":"<p><img loading=\"lazy\" class=\"alignnone size-full wp-image-20158\" src=\"http:\/\/www.brazilianpress.com\/v1\/wp-content\/uploads\/2016\/01\/guilherme-corinthians-atletico-mg.jpg\" alt=\"guilherme corinthians atletico mg\" width=\"500\" height=\"316\" srcset=\"https:\/\/www.brazilianpress.com\/v1\/wp-content\/uploads\/2016\/01\/guilherme-corinthians-atletico-mg.jpg 500w, https:\/\/www.brazilianpress.com\/v1\/wp-content\/uploads\/2016\/01\/guilherme-corinthians-atletico-mg-300x190.jpg 300w\" sizes=\"(max-width: 500px) 100vw, 500px\" \/><\/p>\n<p>Guilherme foi oficialmente confirmado pelo Corinthians nesta ter\u00e7a-feira. O meia-atacante de 27 anos assinou contrato at\u00e9 dezembro de 2019.<\/p>\n<p>Pelo refor\u00e7o, nome encontrado por diretoria e comiss\u00e3o t\u00e9cnica para repor a perda de Renato Augusto, o Corinthians pagar\u00e1 R$ 5,7 milh\u00f5es ao Antalyaspor. Guilherme deixou o Atl\u00e9tico-MG h\u00e1 seis meses para atuar no clube turco, mas n\u00e3o se adaptou ao pa\u00eds e solicitou a negocia\u00e7\u00e3o.<!--more--><\/p>\n<p>O novo refor\u00e7o n\u00e3o dever\u00e1 seguir para os Estados Unidos, onde o elenco alvinegro faz a pr\u00e9-temporada.<\/p>\n<p>O nome do jogador \u00e9 desejo antigo do gerente de futebol Edu Gaspar, que mant\u00e9m rela\u00e7\u00e3o boa com os representantes de Guilherme. Negocia\u00e7\u00f5es realizadas anteriormente, por\u00e9m, n\u00e3o foram bem sucedidas para que ele defendesse o Corinthians.<\/p>\n<p>&#8220;[Jogar] Contra \u00e9 sempre uma dificuldade enorme, todo mundo baba, sempre quando \u00e9 enfrentado , h\u00e1 admira\u00e7\u00e3o de todo mundo, n\u00e3o s\u00f3 pelo time, mas pela torcida, em casa ou fora. Tenho expectativa de sentir isso a favor. Ser\u00e1 momento \u00fanico na vida, espero dar muitas alegrias, espero sentir calor a favor, contra \u00e9 pesado&#8221;, disse Guilherme, sobre jogar pelo Corinthians, em entrevista \u00e0 r\u00e1dio <em>Bradesco FM<\/em>.<\/p>\n<p>A chegada de Guilherme ameniza os problemas causados pelo desmanche do elenco corintiano. Al\u00e9m de Renato Augusto, o time perdeu os titulares Jadson e Ralf (que foram para o futebol chin\u00eas) e Vagner Love, que se transferiu para o Monaco.<\/p>\n<p>O zagueiro Gil est\u00e1 perto de oficializar sua sa\u00edda do Corinthians rumo ao futebol da China. Reserva na campanha do t\u00edtulo brasileiro, o zagueiro Edu Dracena acertou rescis\u00e3o com o Corinthians para se transferir para o Palmeiras. Guilherme Arana\u00a0foi sondado pela Inter de Mil\u00e3o; Alexandre Pato negocia com o Chelsea.<\/p>\n<p>O Corinthians contratou os meio-campistas Marlone e Alan Mineiro, o goleiro Douglas, o lateral Mois\u00e9s e o zagueiro Vilson.<\/p>\n","protected":false},"excerpt":{"rendered":"<p>Guilherme foi oficialmente confirmado pelo Corinthians nesta ter\u00e7a-feira. O meia-atacante de 27 anos assinou contrato at\u00e9 dezembro de 2019. Pelo refor\u00e7o, nome encontrado por diretoria e comiss\u00e3o t\u00e9cnica para repor a perda de Renato Augusto, o Corinthians pagar\u00e1 R$ 5,7 milh\u00f5es ao Antalyaspor. Guilherme deixou o Atl\u00e9tico-MG h\u00e1 seis meses para atuar no clube turco, mas n\u00e3o se adaptou ao pa\u00eds e solicitou a negocia\u00e7\u00e3o.<\/p>\n","protected":false},"author":1,"featured_media":20158,"comment_status":"open","ping_status":"open","sticky":false,"template":"","format":"standard","meta":{"_links_to":"","_links_to_target":""},"categories":[9,1],"tags":[],"views":2151,"_links":{"self":[{"href":"https:\/\/www.brazilianpress.com\/v1\/wp-json\/wp\/v2\/posts\/20157"}],"collection":[{"href":"https:\/\/www.brazilianpress.com\/v1\/wp-json\/wp\/v2\/posts"}],"about":[{"href":"https:\/\/www.brazilianpress.com\/v1\/wp-json\/wp\/v2\/types\/post"}],"author":[{"embeddable":true,"href":"https:\/\/www.brazilianpress.com\/v1\/wp-json\/wp\/v2\/users\/1"}],"replies":[{"embeddable":true,"href":"https:\/\/www.brazilianpress.com\/v1\/wp-json\/wp\/v2\/comments?post=20157"}],"version-history":[{"count":1,"href":"https:\/\/www.brazilianpress.com\/v1\/wp-json\/wp\/v2\/posts\/20157\/revisions"}],"predecessor-version":[{"id":20159,"href":"https:\/\/www.brazilianpress.com\/v1\/wp-json\/wp\/v2\/posts\/20157\/revisions\/20159"}],"wp:featuredmedia":[{"embeddable":true,"href":"https:\/\/www.brazilianpress.com\/v1\/wp-json\/wp\/v2\/media\/20158"}],"wp:attachment":[{"href":"https:\/\/www.brazilianpress.com\/v1\/wp-json\/wp\/v2\/media?parent=20157"}],"wp:term":[{"taxonomy":"category","embeddable":true,"href":"https:\/\/www.brazilianpress.com\/v1\/wp-json\/wp\/v2\/categories?post=20157"},{"taxonomy":"post_tag","embeddable":true,"href":"https:\/\/www.brazilianpress.com\/v1\/wp-json\/wp\/v2\/tags?post=20157"}],"curies":[{"name":"wp","href":"https:\/\/api.w.org\/{rel}","templated":true}]}}