{"id":20163,"date":"2016-01-21T13:42:45","date_gmt":"2016-01-21T17:42:45","guid":{"rendered":"http:\/\/www.brazilianpress.com\/v1\/?p=20163"},"modified":"2016-01-21T13:42:45","modified_gmt":"2016-01-21T17:42:45","slug":"ataque-a-universidade-no-paquistao-deixa-pelo-menos-21-mortos","status":"publish","type":"post","link":"https:\/\/www.brazilianpress.com\/v1\/2016\/01\/21\/ataque-a-universidade-no-paquistao-deixa-pelo-menos-21-mortos\/","title":{"rendered":"Ataque a universidade no Paquist\u00e3o deixa pelo menos 21 mortos"},"content":{"rendered":"<p><img loading=\"lazy\" class=\"alignnone size-full wp-image-20164\" src=\"http:\/\/www.brazilianpress.com\/v1\/wp-content\/uploads\/2016\/01\/paquistao.jpg\" alt=\"_paquistao\" width=\"500\" height=\"327\" srcset=\"https:\/\/www.brazilianpress.com\/v1\/wp-content\/uploads\/2016\/01\/paquistao.jpg 500w, https:\/\/www.brazilianpress.com\/v1\/wp-content\/uploads\/2016\/01\/paquistao-300x196.jpg 300w\" sizes=\"(max-width: 500px) 100vw, 500px\" \/><\/p>\n<p>Subiu para 21 o n\u00famero de mortos em um ataque com armas e explosivos hoje (20), em uma universidade no Noroeste do Paquist\u00e3o, informou a pol\u00edcia \u00e0 Ag\u00eancia France Presse (AFP).<\/p>\n<p>\u201cO n\u00famero de mortos no ataque terrorista subiu para 21\u201d, disse o chefe da pol\u00edcia regional, Saeed Wazir, \u00e0 AFP, sem especificar se o total incluiu os quatro terroristas que o Ex\u00e9rcito disse ter matado.<!--more--><\/p>\n<p>A maioria das v\u00edtimas, estudantes, foi morta a tiros numa resid\u00eancia para rapazes no <em>campus<\/em> da Bacha Khan University, em Charsadda.<\/p>\n<p>Saeed Wazir afirmou que a opera\u00e7\u00e3o policial j\u00e1 foi conclu\u00edda e que as for\u00e7as de seguran\u00e7a limpam a \u00e1rea.<\/p>\n<p>A autoria do ataque foi reivindicada pelo grupo talib\u00e3 Tehreek-e-Taliban Pakistan (TTP). Um comandante dos insurgentes, Umar Mansoor, confirmou \u00e0 AFP que quatro kamikazes atacaram a universidade.<\/p>\n<p>Segundo a mesma fonte, o ataque foi uma resposta \u00e0 Opera\u00e7\u00e3o Zarb-e-Azb, ofensiva antiterrorista lan\u00e7ada pelos militares nas zonas tribais do Nordeste do pa\u00eds.<\/p>\n<p>Os homens armados invadiram a universidade de manh\u00e3. Policiais e for\u00e7as especiais entraram na institui\u00e7\u00e3o para conter o assalto, enquanto imagens de televis\u00e3o mostravam estudantes fugindo.<\/p>\n<p>&#8220;Mais de 30 pessoas, incluindo alunos e guardas da seguran\u00e7a foram feridas\u201d, acrescentou o chefe da pol\u00edcia.<\/p>\n<p>O porta-voz do Ex\u00e9rcito, o major-general Asim Bajwa, disse no Twitter que quatro terroristas foram mortos.<\/p>\n<p>Os estudantes contaram que um professor \u2013 designado pela imprensa como Syed Hamid Hussain \u2013 combateu os terroristas, disparando sua arma.<\/p>\n<p>O ataque foi semelhantes ao assalto talib\u00e3 a uma escola dirigida pelo Ex\u00e9rcito em Peshawar, em dezembro de 2014, que matou mais de 150 pessoas, a maioria crian\u00e7as.<\/p>\n<p>Nessa ter\u00e7a-feira, um ataque suicida em um mercado nos arredores da cidade de Peshawar matou dez pessoas, al\u00e9m do homem-bomba.<\/p>\n","protected":false},"excerpt":{"rendered":"<p>Subiu para 21 o n\u00famero de mortos em um ataque com armas e explosivos hoje (20), em uma universidade no Noroeste do Paquist\u00e3o, informou a pol\u00edcia \u00e0 Ag\u00eancia France Presse (AFP). \u201cO n\u00famero de mortos no ataque terrorista subiu para 21\u201d, disse o chefe da pol\u00edcia regional, Saeed Wazir, \u00e0 AFP, sem especificar se o total incluiu os quatro terroristas que o Ex\u00e9rcito disse ter matado.<\/p>\n","protected":false},"author":1,"featured_media":20164,"comment_status":"open","ping_status":"open","sticky":false,"template":"","format":"standard","meta":{"_links_to":"","_links_to_target":""},"categories":[8,1],"tags":[],"views":1957,"_links":{"self":[{"href":"https:\/\/www.brazilianpress.com\/v1\/wp-json\/wp\/v2\/posts\/20163"}],"collection":[{"href":"https:\/\/www.brazilianpress.com\/v1\/wp-json\/wp\/v2\/posts"}],"about":[{"href":"https:\/\/www.brazilianpress.com\/v1\/wp-json\/wp\/v2\/types\/post"}],"author":[{"embeddable":true,"href":"https:\/\/www.brazilianpress.com\/v1\/wp-json\/wp\/v2\/users\/1"}],"replies":[{"embeddable":true,"href":"https:\/\/www.brazilianpress.com\/v1\/wp-json\/wp\/v2\/comments?post=20163"}],"version-history":[{"count":1,"href":"https:\/\/www.brazilianpress.com\/v1\/wp-json\/wp\/v2\/posts\/20163\/revisions"}],"predecessor-version":[{"id":20165,"href":"https:\/\/www.brazilianpress.com\/v1\/wp-json\/wp\/v2\/posts\/20163\/revisions\/20165"}],"wp:featuredmedia":[{"embeddable":true,"href":"https:\/\/www.brazilianpress.com\/v1\/wp-json\/wp\/v2\/media\/20164"}],"wp:attachment":[{"href":"https:\/\/www.brazilianpress.com\/v1\/wp-json\/wp\/v2\/media?parent=20163"}],"wp:term":[{"taxonomy":"category","embeddable":true,"href":"https:\/\/www.brazilianpress.com\/v1\/wp-json\/wp\/v2\/categories?post=20163"},{"taxonomy":"post_tag","embeddable":true,"href":"https:\/\/www.brazilianpress.com\/v1\/wp-json\/wp\/v2\/tags?post=20163"}],"curies":[{"name":"wp","href":"https:\/\/api.w.org\/{rel}","templated":true}]}}