{"id":20166,"date":"2016-01-21T13:44:05","date_gmt":"2016-01-21T17:44:05","guid":{"rendered":"http:\/\/www.brazilianpress.com\/v1\/?p=20166"},"modified":"2016-01-21T13:44:05","modified_gmt":"2016-01-21T17:44:05","slug":"estudante-brasileiro-desarma-mulher-que-o-atacou-com-faca-em-onibus-de-londres","status":"publish","type":"post","link":"https:\/\/www.brazilianpress.com\/v1\/2016\/01\/21\/estudante-brasileiro-desarma-mulher-que-o-atacou-com-faca-em-onibus-de-londres\/","title":{"rendered":"Estudante brasileiro desarma mulher que o atacou com faca em \u00f4nibus de Londres"},"content":{"rendered":"<p><img loading=\"lazy\" class=\"alignnone size-full wp-image-20167\" src=\"http:\/\/www.brazilianpress.com\/v1\/wp-content\/uploads\/2016\/01\/faca-atentado.jpg\" alt=\"_faca atentado\" width=\"500\" height=\"281\" srcset=\"https:\/\/www.brazilianpress.com\/v1\/wp-content\/uploads\/2016\/01\/faca-atentado.jpg 500w, https:\/\/www.brazilianpress.com\/v1\/wp-content\/uploads\/2016\/01\/faca-atentado-300x169.jpg 300w\" sizes=\"(max-width: 500px) 100vw, 500px\" \/><\/p>\n<p>O estudante brasileiro Breno Gon\u00e7alves Bessa, de 15 anos, foi v\u00edtima de um atentado a faca no dia 26 de dezembro, dentro de um \u00f4nibus, em Londres, na Inglaterra, mas conseguiu se salvar ao desarmar a esfaqueadora. \u201cQuando a porta do \u00f4nibus abriu ela levantou e tentou enfiar a faca na minha barriga, mas eu segurei a faca\u201d, descreve Breno.<!--more--> \u201cA mulher n\u00e3o \u00e9 igual aquele povo que \u00e9 preparado. Parece que est\u00e1 come\u00e7ando agora\u201d, completa o estudante.<\/p>\n<p>A Pol\u00edcia de Londres divulgou imagens da esfaqueadora, que fugiu. Ela \u00e9 descrita como uma mulher de apar\u00eancia asi\u00e1tica, com idade entre 20 e 30 anos e que usava um chador com imagens de canguru.<\/p>\n<p>Breno \u00e9 de Belo Horizonte, morador do Bairro Nova Su\u00ed\u00e7a, e est\u00e1 morando na capital inglesa para cursar o ensino m\u00e9dio. No momento do ataque estava em um \u00f4nibus da linha 133, na regi\u00e3o de Lambeth, junto com a av\u00f3. \u201cEla (a av\u00f3) ficou desesperada e eu falei: calma, est\u00e1 de boa\u201d, relata o estudante.<\/p>\n<p>O estudante disse que ficou muito tranquilo e que at\u00e9 o motorista do \u00f4nibus e o policial ficaram surpresos com a calma dele. \u201cFoi como ganhar na loteria. Uma coisa dessas acontece uma vez em um milh\u00e3o\u201d, acredita Breno. As informa\u00e7\u00f5es s\u00f3 foram liberadas pela pol\u00edcia na ter\u00e7a-feira, 19.<\/p>\n","protected":false},"excerpt":{"rendered":"<p>O estudante brasileiro Breno Gon\u00e7alves Bessa, de 15 anos, foi v\u00edtima de um atentado a faca no dia 26 de dezembro, dentro de um \u00f4nibus, em Londres, na Inglaterra, mas conseguiu se salvar ao desarmar a esfaqueadora. \u201cQuando a porta do \u00f4nibus abriu ela levantou e tentou enfiar a faca na minha barriga, mas eu segurei a faca\u201d, descreve Breno.<\/p>\n","protected":false},"author":1,"featured_media":20167,"comment_status":"open","ping_status":"open","sticky":false,"template":"","format":"standard","meta":{"_links_to":"","_links_to_target":""},"categories":[8,1],"tags":[],"views":2099,"_links":{"self":[{"href":"https:\/\/www.brazilianpress.com\/v1\/wp-json\/wp\/v2\/posts\/20166"}],"collection":[{"href":"https:\/\/www.brazilianpress.com\/v1\/wp-json\/wp\/v2\/posts"}],"about":[{"href":"https:\/\/www.brazilianpress.com\/v1\/wp-json\/wp\/v2\/types\/post"}],"author":[{"embeddable":true,"href":"https:\/\/www.brazilianpress.com\/v1\/wp-json\/wp\/v2\/users\/1"}],"replies":[{"embeddable":true,"href":"https:\/\/www.brazilianpress.com\/v1\/wp-json\/wp\/v2\/comments?post=20166"}],"version-history":[{"count":1,"href":"https:\/\/www.brazilianpress.com\/v1\/wp-json\/wp\/v2\/posts\/20166\/revisions"}],"predecessor-version":[{"id":20168,"href":"https:\/\/www.brazilianpress.com\/v1\/wp-json\/wp\/v2\/posts\/20166\/revisions\/20168"}],"wp:featuredmedia":[{"embeddable":true,"href":"https:\/\/www.brazilianpress.com\/v1\/wp-json\/wp\/v2\/media\/20167"}],"wp:attachment":[{"href":"https:\/\/www.brazilianpress.com\/v1\/wp-json\/wp\/v2\/media?parent=20166"}],"wp:term":[{"taxonomy":"category","embeddable":true,"href":"https:\/\/www.brazilianpress.com\/v1\/wp-json\/wp\/v2\/categories?post=20166"},{"taxonomy":"post_tag","embeddable":true,"href":"https:\/\/www.brazilianpress.com\/v1\/wp-json\/wp\/v2\/tags?post=20166"}],"curies":[{"name":"wp","href":"https:\/\/api.w.org\/{rel}","templated":true}]}}