{"id":20169,"date":"2016-01-21T13:45:16","date_gmt":"2016-01-21T17:45:16","guid":{"rendered":"http:\/\/www.brazilianpress.com\/v1\/?p=20169"},"modified":"2016-01-21T14:56:57","modified_gmt":"2016-01-21T18:56:57","slug":"parlamento-britanico-podera-vetar-entrada-de-donald-trump-no-pais","status":"publish","type":"post","link":"https:\/\/www.brazilianpress.com\/v1\/2016\/01\/21\/parlamento-britanico-podera-vetar-entrada-de-donald-trump-no-pais\/","title":{"rendered":"Parlamento brit\u00e2nico poder\u00e1 vetar entrada de Donald Trump no pa\u00eds"},"content":{"rendered":"<p><img loading=\"lazy\" class=\"alignnone size-full wp-image-20170\" src=\"http:\/\/www.brazilianpress.com\/v1\/wp-content\/uploads\/2016\/01\/donald-trump.jpg\" alt=\"_donald trump\" width=\"500\" height=\"281\" srcset=\"https:\/\/www.brazilianpress.com\/v1\/wp-content\/uploads\/2016\/01\/donald-trump.jpg 500w, https:\/\/www.brazilianpress.com\/v1\/wp-content\/uploads\/2016\/01\/donald-trump-300x169.jpg 300w\" sizes=\"(max-width: 500px) 100vw, 500px\" \/><\/p>\n<p>Donald Trump foi qualificado como palha\u00e7o, racista, mis\u00f3gino e est\u00fapido no Parlamento brit\u00e2nico. A C\u00e2mara dos Comuns debateu durante tr\u00eas horas uma peti\u00e7\u00e3o assinada por 574 mil pessoas de proibir a entrada no Reino Unido do pr\u00e9-candidato republicano \u00e0 presid\u00eancia, Donald Trump, por seus coment\u00e1rios sobre os mu\u00e7ulmanos.<!--more--><\/p>\n<p>O debate parlamentar, foi sobre a proposta de uma ativista escocesa que recolheu assinaturas online em dezembro, depois que Trump prop\u00f4s proibir a entrada de todos os mu\u00e7ulmanos no pa\u00eds.<\/p>\n<p>Deputados conservadores e trabalhistas argumentaram que vetar a entrada poderia ser contraproducente, j\u00e1 que o converteria em um \u201cm\u00e1rtir\u201d e poderia jogar \u201ca seu favor\u201d e que Trump deveria poder entrar no Reino Unido para aprender uma \u201cli\u00e7\u00e3o\u201d de conviv\u00eancia em alguns bairros de Londres. Trump\u00a0disse durante campanha republicana que Londres est\u00e1 t\u00e3o radicalizada que os policiais \u201ctemem por suas pr\u00f3prias vidas\u201d e que h\u00e1 regi\u00f5es da capital que n\u00e3o se pode nem entrar. No consta que Trump tenha previsto visitar o Reino Unido em breve, mas j\u00e1 amea\u00e7ou em retirar uma ajuda de milh\u00f5es de euros da Esc\u00f3cia se lhe negarem o visto.<\/p>\n<p>Depois do debate, o Parlamento n\u00e3o tomou nenhuma decis\u00e3o. Em todo caso, \u00e9 o Minist\u00e9rio do Interior brit\u00e2nico que pode impedir a entrada no pa\u00eds de qualquer indiv\u00edduo, por raz\u00f5es de seguran\u00e7a nacional, se acreditar que v\u00e1 incitar o \u00f3dio racial ou se esperar que seu comportamento n\u00e3o seja \u201cadequado para o bem-estar p\u00fablico\u201d. O Governo do Reino Unido j\u00e1 vetou mais de 200 pessoas por causa dessas condi\u00e7\u00f5es desde 2010, segundo as cifras publicadas em 2015.<\/p>\n","protected":false},"excerpt":{"rendered":"<p>Donald Trump foi qualificado como palha\u00e7o, racista, mis\u00f3gino e est\u00fapido no Parlamento brit\u00e2nico. A C\u00e2mara dos Comuns debateu durante tr\u00eas horas uma peti\u00e7\u00e3o assinada por 574 mil pessoas de proibir a entrada no Reino Unido do pr\u00e9-candidato republicano \u00e0 presid\u00eancia, Donald Trump, por seus coment\u00e1rios sobre os mu\u00e7ulmanos.<\/p>\n","protected":false},"author":1,"featured_media":20170,"comment_status":"open","ping_status":"open","sticky":false,"template":"","format":"standard","meta":{"_links_to":"","_links_to_target":""},"categories":[8,1],"tags":[],"views":2007,"_links":{"self":[{"href":"https:\/\/www.brazilianpress.com\/v1\/wp-json\/wp\/v2\/posts\/20169"}],"collection":[{"href":"https:\/\/www.brazilianpress.com\/v1\/wp-json\/wp\/v2\/posts"}],"about":[{"href":"https:\/\/www.brazilianpress.com\/v1\/wp-json\/wp\/v2\/types\/post"}],"author":[{"embeddable":true,"href":"https:\/\/www.brazilianpress.com\/v1\/wp-json\/wp\/v2\/users\/1"}],"replies":[{"embeddable":true,"href":"https:\/\/www.brazilianpress.com\/v1\/wp-json\/wp\/v2\/comments?post=20169"}],"version-history":[{"count":1,"href":"https:\/\/www.brazilianpress.com\/v1\/wp-json\/wp\/v2\/posts\/20169\/revisions"}],"predecessor-version":[{"id":20171,"href":"https:\/\/www.brazilianpress.com\/v1\/wp-json\/wp\/v2\/posts\/20169\/revisions\/20171"}],"wp:featuredmedia":[{"embeddable":true,"href":"https:\/\/www.brazilianpress.com\/v1\/wp-json\/wp\/v2\/media\/20170"}],"wp:attachment":[{"href":"https:\/\/www.brazilianpress.com\/v1\/wp-json\/wp\/v2\/media?parent=20169"}],"wp:term":[{"taxonomy":"category","embeddable":true,"href":"https:\/\/www.brazilianpress.com\/v1\/wp-json\/wp\/v2\/categories?post=20169"},{"taxonomy":"post_tag","embeddable":true,"href":"https:\/\/www.brazilianpress.com\/v1\/wp-json\/wp\/v2\/tags?post=20169"}],"curies":[{"name":"wp","href":"https:\/\/api.w.org\/{rel}","templated":true}]}}