{"id":20172,"date":"2016-01-21T13:50:22","date_gmt":"2016-01-21T17:50:22","guid":{"rendered":"http:\/\/www.brazilianpress.com\/v1\/?p=20172"},"modified":"2016-01-21T13:50:22","modified_gmt":"2016-01-21T17:50:22","slug":"policia-federal-apreende-carga-de-drogas-avaliada-em-35-milhoes","status":"publish","type":"post","link":"https:\/\/www.brazilianpress.com\/v1\/2016\/01\/21\/policia-federal-apreende-carga-de-drogas-avaliada-em-35-milhoes\/","title":{"rendered":"Pol\u00edcia Federal apreende carga de drogas avaliada em $3,5 milh\u00f5es"},"content":{"rendered":"<p><img loading=\"lazy\" class=\"alignnone size-full wp-image-20173\" src=\"http:\/\/www.brazilianpress.com\/v1\/wp-content\/uploads\/2016\/01\/drogas.jpg\" alt=\"_drogas\" width=\"500\" height=\"319\" srcset=\"https:\/\/www.brazilianpress.com\/v1\/wp-content\/uploads\/2016\/01\/drogas.jpg 500w, https:\/\/www.brazilianpress.com\/v1\/wp-content\/uploads\/2016\/01\/drogas-300x191.jpg 300w\" sizes=\"(max-width: 500px) 100vw, 500px\" \/><\/p>\n<p>Uma a\u00e7\u00e3o conjunta realizada entre equipes de policiais do Grupo Especial de Seguran\u00e7a na Fronteira (Gefron) e da Pol\u00edcia Federal (PF) resultou na apreens\u00e3o de 172 quilos de cloridrato de coca\u00edna na Rodovia Estadual 170, pr\u00f3ximo ao munic\u00edpio de Juruena (880 km a noroeste de\u00a0Cuiab\u00e1). A carga est\u00e1 avaliada em R$ 3,5 milh\u00f5es. A apreens\u00e3o ocorreu na \u00faltima sexta-feira (15.01).<!--more--><\/p>\n<p>As equipes realizavam diversas opera\u00e7\u00f5es na regi\u00e3o quando abordaram um caminh\u00e3o volvo de cor cinza, com placa de S\u00e3o Paulo. A droga foi localizada em um compartimento na caixa do eixo do engate da carreta.<\/p>\n<p>O homem de 38 anos que conduzia a carreta informou aos policiais que pegou a droga na cidade de Colniza (1.065 km da Capital) e a levaria para S\u00e3o Paulo, onde receberia o valor de R$ 5 mil pelo transporte da droga.<\/p>\n<p>A subst\u00e2ncia apreendida foi identificada como cloridrato de coca\u00edna com alto teor de pureza. O produto j\u00e1 estava pronto para consumo. A carga refinada tem valor de mercado tr\u00eas vezes maior que o da pasta base de coca\u00edna.<\/p>\n<p>Para a apreens\u00e3o, as equipes do Gefron e PF contaram tamb\u00e9m com apoio dos policiais do 20\u00b0 Batalh\u00e3o da Pol\u00edcia Militar e do 8\u00b0 Comando Regional da PM de Ju\u00edna.<\/p>\n<p>A carga, o caminh\u00e3o e o motorista foram encaminhados para Pol\u00edcia Federal do munic\u00edpio de C\u00e1ceres (225 km a oeste de\u00a0Cuiab\u00e1).<\/p>\n","protected":false},"excerpt":{"rendered":"<p>Uma a\u00e7\u00e3o conjunta realizada entre equipes de policiais do Grupo Especial de Seguran\u00e7a na Fronteira (Gefron) e da Pol\u00edcia Federal (PF) resultou na apreens\u00e3o de 172 quilos de cloridrato de coca\u00edna na Rodovia Estadual 170, pr\u00f3ximo ao munic\u00edpio de Juruena (880 km a noroeste de\u00a0Cuiab\u00e1). A carga est\u00e1 avaliada em R$ 3,5 milh\u00f5es. A apreens\u00e3o ocorreu na \u00faltima sexta-feira (15.01).<\/p>\n","protected":false},"author":1,"featured_media":20173,"comment_status":"open","ping_status":"open","sticky":false,"template":"","format":"standard","meta":{"_links_to":"","_links_to_target":""},"categories":[7,1],"tags":[],"views":1990,"_links":{"self":[{"href":"https:\/\/www.brazilianpress.com\/v1\/wp-json\/wp\/v2\/posts\/20172"}],"collection":[{"href":"https:\/\/www.brazilianpress.com\/v1\/wp-json\/wp\/v2\/posts"}],"about":[{"href":"https:\/\/www.brazilianpress.com\/v1\/wp-json\/wp\/v2\/types\/post"}],"author":[{"embeddable":true,"href":"https:\/\/www.brazilianpress.com\/v1\/wp-json\/wp\/v2\/users\/1"}],"replies":[{"embeddable":true,"href":"https:\/\/www.brazilianpress.com\/v1\/wp-json\/wp\/v2\/comments?post=20172"}],"version-history":[{"count":1,"href":"https:\/\/www.brazilianpress.com\/v1\/wp-json\/wp\/v2\/posts\/20172\/revisions"}],"predecessor-version":[{"id":20174,"href":"https:\/\/www.brazilianpress.com\/v1\/wp-json\/wp\/v2\/posts\/20172\/revisions\/20174"}],"wp:featuredmedia":[{"embeddable":true,"href":"https:\/\/www.brazilianpress.com\/v1\/wp-json\/wp\/v2\/media\/20173"}],"wp:attachment":[{"href":"https:\/\/www.brazilianpress.com\/v1\/wp-json\/wp\/v2\/media?parent=20172"}],"wp:term":[{"taxonomy":"category","embeddable":true,"href":"https:\/\/www.brazilianpress.com\/v1\/wp-json\/wp\/v2\/categories?post=20172"},{"taxonomy":"post_tag","embeddable":true,"href":"https:\/\/www.brazilianpress.com\/v1\/wp-json\/wp\/v2\/tags?post=20172"}],"curies":[{"name":"wp","href":"https:\/\/api.w.org\/{rel}","templated":true}]}}