{"id":20181,"date":"2016-01-21T13:55:14","date_gmt":"2016-01-21T17:55:14","guid":{"rendered":"http:\/\/www.brazilianpress.com\/v1\/?p=20181"},"modified":"2016-01-21T13:55:14","modified_gmt":"2016-01-21T17:55:14","slug":"policia-de-new-york-recebe-ameacas-por-telefone","status":"publish","type":"post","link":"https:\/\/www.brazilianpress.com\/v1\/2016\/01\/21\/policia-de-new-york-recebe-ameacas-por-telefone\/","title":{"rendered":"Pol\u00edcia de New York recebe amea\u00e7as por telefone"},"content":{"rendered":"<p><img loading=\"lazy\" class=\"alignnone size-full wp-image-20182\" src=\"http:\/\/www.brazilianpress.com\/v1\/wp-content\/uploads\/2016\/01\/policia-de-new-york.jpg\" alt=\"policia de new york\" width=\"500\" height=\"281\" srcset=\"https:\/\/www.brazilianpress.com\/v1\/wp-content\/uploads\/2016\/01\/policia-de-new-york.jpg 500w, https:\/\/www.brazilianpress.com\/v1\/wp-content\/uploads\/2016\/01\/policia-de-new-york-300x169.jpg 300w\" sizes=\"(max-width: 500px) 100vw, 500px\" \/><\/p>\n<p>A pol\u00edcia de New York recebeu amea\u00e7as e a origem da chamada foi divulgada em uma confer\u00eancia de imprensa na manh\u00e3 de ontem.<\/p>\n<p>Descobriu-se que a chamada foi feita na Filad\u00e9lfia e a mensagem dizia que matariam um policial na Big Apple, segundo um informe preliminar. V\u00e1rios meios de comunica\u00e7\u00e3o imediatamente deram a not\u00edcia, a qual ainda est\u00e1 sob investiga\u00e7\u00e3o.<\/p>\n","protected":false},"excerpt":{"rendered":"<p>A pol\u00edcia de New York recebeu amea\u00e7as e a origem da chamada foi divulgada em uma confer\u00eancia de imprensa na manh\u00e3 de ontem. Descobriu-se que a chamada foi feita na Filad\u00e9lfia e a mensagem dizia que matariam um policial na Big Apple, segundo um informe preliminar. V\u00e1rios meios de comunica\u00e7\u00e3o imediatamente deram a not\u00edcia, a qual ainda est\u00e1 sob investiga\u00e7\u00e3o.<\/p>\n","protected":false},"author":1,"featured_media":20182,"comment_status":"open","ping_status":"open","sticky":false,"template":"","format":"standard","meta":{"_links_to":"","_links_to_target":""},"categories":[1,10],"tags":[],"views":2114,"_links":{"self":[{"href":"https:\/\/www.brazilianpress.com\/v1\/wp-json\/wp\/v2\/posts\/20181"}],"collection":[{"href":"https:\/\/www.brazilianpress.com\/v1\/wp-json\/wp\/v2\/posts"}],"about":[{"href":"https:\/\/www.brazilianpress.com\/v1\/wp-json\/wp\/v2\/types\/post"}],"author":[{"embeddable":true,"href":"https:\/\/www.brazilianpress.com\/v1\/wp-json\/wp\/v2\/users\/1"}],"replies":[{"embeddable":true,"href":"https:\/\/www.brazilianpress.com\/v1\/wp-json\/wp\/v2\/comments?post=20181"}],"version-history":[{"count":1,"href":"https:\/\/www.brazilianpress.com\/v1\/wp-json\/wp\/v2\/posts\/20181\/revisions"}],"predecessor-version":[{"id":20183,"href":"https:\/\/www.brazilianpress.com\/v1\/wp-json\/wp\/v2\/posts\/20181\/revisions\/20183"}],"wp:featuredmedia":[{"embeddable":true,"href":"https:\/\/www.brazilianpress.com\/v1\/wp-json\/wp\/v2\/media\/20182"}],"wp:attachment":[{"href":"https:\/\/www.brazilianpress.com\/v1\/wp-json\/wp\/v2\/media?parent=20181"}],"wp:term":[{"taxonomy":"category","embeddable":true,"href":"https:\/\/www.brazilianpress.com\/v1\/wp-json\/wp\/v2\/categories?post=20181"},{"taxonomy":"post_tag","embeddable":true,"href":"https:\/\/www.brazilianpress.com\/v1\/wp-json\/wp\/v2\/tags?post=20181"}],"curies":[{"name":"wp","href":"https:\/\/api.w.org\/{rel}","templated":true}]}}