{"id":2019,"date":"2013-08-01T08:59:06","date_gmt":"2013-08-01T12:59:06","guid":{"rendered":"http:\/\/www.brazilianpress.com\/v1\/?p=2019"},"modified":"2013-08-08T06:15:10","modified_gmt":"2013-08-08T10:15:10","slug":"social-press-01082013","status":"publish","type":"post","link":"https:\/\/www.brazilianpress.com\/v1\/2013\/08\/01\/social-press-01082013\/","title":{"rendered":"Social Press . 01\/08\/2013"},"content":{"rendered":"<p><strong><em><img loading=\"lazy\" class=\"alignnone size-full wp-image-2012\" alt=\"social press 1638 20130801 (5)\" src=\"http:\/\/www.brazilianpress.com\/v1\/wp-content\/uploads\/2013\/08\/social-press-1638-20130801-5.jpg\" width=\"450\" height=\"338\" srcset=\"https:\/\/www.brazilianpress.com\/v1\/wp-content\/uploads\/2013\/08\/social-press-1638-20130801-5.jpg 450w, https:\/\/www.brazilianpress.com\/v1\/wp-content\/uploads\/2013\/08\/social-press-1638-20130801-5-300x225.jpg 300w\" sizes=\"(max-width: 450px) 100vw, 450px\" \/><br \/>\nA querida e super animada Natascha Estkise realizou o sonho de conhecer a musa Maria Gad\u00fa, durante sua visita a Big Apple. Chique demais hein!<\/em><\/strong><\/p>\n<p><strong><em><img loading=\"lazy\" class=\"alignnone size-full wp-image-2008\" alt=\"social press 1638 20130801 (1)\" src=\"http:\/\/www.brazilianpress.com\/v1\/wp-content\/uploads\/2013\/08\/social-press-1638-20130801-1.jpg\" width=\"350\" height=\"526\" srcset=\"https:\/\/www.brazilianpress.com\/v1\/wp-content\/uploads\/2013\/08\/social-press-1638-20130801-1.jpg 350w, https:\/\/www.brazilianpress.com\/v1\/wp-content\/uploads\/2013\/08\/social-press-1638-20130801-1-199x300.jpg 199w\" sizes=\"(max-width: 350px) 100vw, 350px\" \/><br \/>\n\u201cN\u00f3s limpamos, constru\u00edmos e agora \u00e9 hora de liderar o Estado Jardim\u201d, declarou William Ara\u00fajo, acerca de suas ra\u00edzes luso-brasileira, candidato a Governador de New Jersey, durante visita \u00e0 reda\u00e7\u00e3o do BP ao lado da esposa Iris. Visite <a href=\"http:\/\/www.araujoforgovernor.com\" target=\"_blank\">www.araujoforgovernor.com<\/a> para conhecer seu trabalho.<\/em><\/strong><\/p>\n<p><strong><em><img loading=\"lazy\" class=\"alignnone size-full wp-image-2020\" alt=\"social press 1638 20130801 (12)\" src=\"http:\/\/www.brazilianpress.com\/v1\/wp-content\/uploads\/2013\/08\/social-press-1638-20130801-12.jpg\" width=\"450\" height=\"329\" srcset=\"https:\/\/www.brazilianpress.com\/v1\/wp-content\/uploads\/2013\/08\/social-press-1638-20130801-12.jpg 450w, https:\/\/www.brazilianpress.com\/v1\/wp-content\/uploads\/2013\/08\/social-press-1638-20130801-12-300x219.jpg 300w\" sizes=\"(max-width: 450px) 100vw, 450px\" \/><br \/>\nSauda\u00e7\u00f5es aos camaradas Zic e Nils\u00e3o sempre presentes nas melhores Festas e Eventos na Comunidade.<!--more--><\/em><\/strong><\/p>\n<p><strong><em><img loading=\"lazy\" class=\"alignnone size-full wp-image-2021\" alt=\"social press 1638 20130801 (13)\" src=\"http:\/\/www.brazilianpress.com\/v1\/wp-content\/uploads\/2013\/08\/social-press-1638-20130801-13.jpg\" width=\"450\" height=\"300\" srcset=\"https:\/\/www.brazilianpress.com\/v1\/wp-content\/uploads\/2013\/08\/social-press-1638-20130801-13.jpg 450w, https:\/\/www.brazilianpress.com\/v1\/wp-content\/uploads\/2013\/08\/social-press-1638-20130801-13-300x200.jpg 300w\" sizes=\"(max-width: 450px) 100vw, 450px\" \/><br \/>\nNosso amigo Lucimar Chaves, curtindo a Sextaneja no Casa Nova Grill, o point Mais Animado do Ironbound!<\/em><\/strong><\/p>\n<p><strong><em><img loading=\"lazy\" class=\"alignnone size-full wp-image-2022\" alt=\"social press 1638 20130801 (14)\" src=\"http:\/\/www.brazilianpress.com\/v1\/wp-content\/uploads\/2013\/08\/social-press-1638-20130801-14.jpg\" width=\"450\" height=\"300\" srcset=\"https:\/\/www.brazilianpress.com\/v1\/wp-content\/uploads\/2013\/08\/social-press-1638-20130801-14.jpg 450w, https:\/\/www.brazilianpress.com\/v1\/wp-content\/uploads\/2013\/08\/social-press-1638-20130801-14-300x200.jpg 300w\" sizes=\"(max-width: 450px) 100vw, 450px\" \/><br \/>\nAs Meninas lindas que perfumam o ambiente do Boi Na Brasa Grill, todas as noites com Eventos Musicais imperd\u00edveis.<\/em><\/strong><\/p>\n<p><strong><em><img loading=\"lazy\" class=\"alignnone size-full wp-image-2023\" alt=\"social press 1638 20130801 (15)\" src=\"http:\/\/www.brazilianpress.com\/v1\/wp-content\/uploads\/2013\/08\/social-press-1638-20130801-15.jpg\" width=\"450\" height=\"300\" srcset=\"https:\/\/www.brazilianpress.com\/v1\/wp-content\/uploads\/2013\/08\/social-press-1638-20130801-15.jpg 450w, https:\/\/www.brazilianpress.com\/v1\/wp-content\/uploads\/2013\/08\/social-press-1638-20130801-15-300x200.jpg 300w\" sizes=\"(max-width: 450px) 100vw, 450px\" \/><br \/>\nPassear pelo Ironbound e n\u00e3o provar das del\u00edcias do Altas Horas Lanches \u00e9 como ir \u00e0 Roma e n\u00e3o receber a Ben\u00e7\u00e3o do Papa. T\u00e1 com Fome? Corre pra L\u00e1!<\/em><\/strong><\/p>\n<p><strong><em><img loading=\"lazy\" class=\"alignnone size-full wp-image-2024\" alt=\"social press 1638 20130801 (16)\" src=\"http:\/\/www.brazilianpress.com\/v1\/wp-content\/uploads\/2013\/08\/social-press-1638-20130801-16.jpg\" width=\"450\" height=\"300\" srcset=\"https:\/\/www.brazilianpress.com\/v1\/wp-content\/uploads\/2013\/08\/social-press-1638-20130801-16.jpg 450w, https:\/\/www.brazilianpress.com\/v1\/wp-content\/uploads\/2013\/08\/social-press-1638-20130801-16-300x200.jpg 300w\" sizes=\"(max-width: 450px) 100vw, 450px\" \/><br \/>\nO grupo de amigos, conhecidos como os \u201cTer\u00e7as\u201d reunidos para saborear da culin\u00e1ria portuguesa no El Pastor, agora com a M\u00fasica ao vivo dos competentes m\u00fasicos Jabour e Paulo. Confira!<\/em><\/strong><\/p>\n<p><strong><em><img loading=\"lazy\" class=\"alignnone size-full wp-image-2025\" alt=\"social press 1638 20130801 (17)\" src=\"http:\/\/www.brazilianpress.com\/v1\/wp-content\/uploads\/2013\/08\/social-press-1638-20130801-17.jpg\" width=\"450\" height=\"300\" srcset=\"https:\/\/www.brazilianpress.com\/v1\/wp-content\/uploads\/2013\/08\/social-press-1638-20130801-17.jpg 450w, https:\/\/www.brazilianpress.com\/v1\/wp-content\/uploads\/2013\/08\/social-press-1638-20130801-17-300x200.jpg 300w\" sizes=\"(max-width: 450px) 100vw, 450px\" \/><br \/>\nO pequeno Denis, que faz anivers\u00e1rio pr\u00f3ximo dia 10, j\u00e1 aprovou a melhor Pizza da cidade. Ele e a mam\u00e3e, Hosana Tejeda, s\u00e3o clientes especiais do Mega Pizza. Ligue (973)344-0054 e fa\u00e7a seu Pedido!<\/em><\/strong><\/p>\n<p><strong><em><img loading=\"lazy\" class=\"alignnone size-full wp-image-2026\" alt=\"social press 1638 20130801 (18)\" src=\"http:\/\/www.brazilianpress.com\/v1\/wp-content\/uploads\/2013\/08\/social-press-1638-20130801-18.jpg\" width=\"450\" height=\"300\" srcset=\"https:\/\/www.brazilianpress.com\/v1\/wp-content\/uploads\/2013\/08\/social-press-1638-20130801-18.jpg 450w, https:\/\/www.brazilianpress.com\/v1\/wp-content\/uploads\/2013\/08\/social-press-1638-20130801-18-300x200.jpg 300w\" sizes=\"(max-width: 450px) 100vw, 450px\" \/><br \/>\nHappy Birthday aos aniversariantes da semana, Dr. Roshin, m\u00e9dico colunista do BP, e Marta, secret\u00e1ria da Pantanal Money Transfer. Precisa enviar uma remessa ao Brasil com efici\u00eancia, seguran\u00e7a e rapidez? Ligue (973)551-1016.<\/em><\/strong><\/p>\n<p><strong><em><img loading=\"lazy\" class=\"alignnone size-full wp-image-2027\" alt=\"social press 1638 20130801 (19)\" src=\"http:\/\/www.brazilianpress.com\/v1\/wp-content\/uploads\/2013\/08\/social-press-1638-20130801-19.jpg\" width=\"450\" height=\"300\" srcset=\"https:\/\/www.brazilianpress.com\/v1\/wp-content\/uploads\/2013\/08\/social-press-1638-20130801-19.jpg 450w, https:\/\/www.brazilianpress.com\/v1\/wp-content\/uploads\/2013\/08\/social-press-1638-20130801-19-300x200.jpg 300w\" sizes=\"(max-width: 450px) 100vw, 450px\" \/><br \/>\nNosso agradecimento a John Seroff, coordenador de Imprensa do SummerStage Central Park, pelo excelente trabalho realizado na Temporada 2013. Cheers Buddy!<\/em><\/strong><\/p>\n<p><strong><em><img loading=\"lazy\" class=\"alignnone size-full wp-image-2009\" alt=\"social press 1638 20130801 (2)\" src=\"http:\/\/www.brazilianpress.com\/v1\/wp-content\/uploads\/2013\/08\/social-press-1638-20130801-2.jpg\" width=\"350\" height=\"400\" srcset=\"https:\/\/www.brazilianpress.com\/v1\/wp-content\/uploads\/2013\/08\/social-press-1638-20130801-2.jpg 350w, https:\/\/www.brazilianpress.com\/v1\/wp-content\/uploads\/2013\/08\/social-press-1638-20130801-2-262x300.jpg 262w\" sizes=\"(max-width: 350px) 100vw, 350px\" \/><br \/>\nNossa amiga e leitora, D\u00e9bora Nunes, saciou a vontade e circulou as ruas de Framingham, pilotando uma das Motos que participaram do desfile da MotoClube. Eita Vida Boa!<\/em><\/strong><\/p>\n<p><strong><em><img loading=\"lazy\" class=\"alignnone size-full wp-image-2010\" alt=\"social press 1638 20130801 (3)\" src=\"http:\/\/www.brazilianpress.com\/v1\/wp-content\/uploads\/2013\/08\/social-press-1638-20130801-3.jpg\" width=\"450\" height=\"300\" srcset=\"https:\/\/www.brazilianpress.com\/v1\/wp-content\/uploads\/2013\/08\/social-press-1638-20130801-3.jpg 450w, https:\/\/www.brazilianpress.com\/v1\/wp-content\/uploads\/2013\/08\/social-press-1638-20130801-3-300x200.jpg 300w\" sizes=\"(max-width: 450px) 100vw, 450px\" \/><br \/>\nElaine Costa, e a Turma dos torcedores do Galo em Queens, prestigiaram o show de Maria Gad\u00fa, quinta passada no Rockwood Music Hall em Manhattan.<\/em><\/strong><\/p>\n<p><strong><em><img loading=\"lazy\" class=\"alignnone size-full wp-image-2011\" alt=\"social press 1638 20130801 (4)\" src=\"http:\/\/www.brazilianpress.com\/v1\/wp-content\/uploads\/2013\/08\/social-press-1638-20130801-4.jpg\" width=\"450\" height=\"338\" srcset=\"https:\/\/www.brazilianpress.com\/v1\/wp-content\/uploads\/2013\/08\/social-press-1638-20130801-4.jpg 450w, https:\/\/www.brazilianpress.com\/v1\/wp-content\/uploads\/2013\/08\/social-press-1638-20130801-4-300x225.jpg 300w\" sizes=\"(max-width: 450px) 100vw, 450px\" \/><br \/>\nUm Abra\u00e7o cheio do Calor Americano, \u00e0 colaboradora do BP, Juliana Guimar\u00e3es de Oliveira curtindo a neve e as temperaturas recordes em Floripa.<\/em><\/strong><\/p>\n<p><strong><em><img loading=\"lazy\" class=\"alignnone size-full wp-image-2013\" alt=\"social press 1638 20130801 (6)\" src=\"http:\/\/www.brazilianpress.com\/v1\/wp-content\/uploads\/2013\/08\/social-press-1638-20130801-6.jpg\" width=\"350\" height=\"526\" srcset=\"https:\/\/www.brazilianpress.com\/v1\/wp-content\/uploads\/2013\/08\/social-press-1638-20130801-6.jpg 350w, https:\/\/www.brazilianpress.com\/v1\/wp-content\/uploads\/2013\/08\/social-press-1638-20130801-6-199x300.jpg 199w\" sizes=\"(max-width: 350px) 100vw, 350px\" \/><br \/>\nO ator e rec\u00e9m formado pela New York Film Academy, Yarin Brosh, aqui ao lado da namorada Demira Pasalic, foi um dos premiados na Promo\u00e7\u00e3o Nada Pode Me Parar realizado pela Bl\u00e1Bl\u00e1Bl\u00e1 e pelo m\u00fasico Marcelo D2.<\/em><\/strong><\/p>\n<p><strong><em><img loading=\"lazy\" class=\"alignnone size-full wp-image-2014\" alt=\"social press 1638 20130801 (7)\" src=\"http:\/\/www.brazilianpress.com\/v1\/wp-content\/uploads\/2013\/08\/social-press-1638-20130801-7.jpg\" width=\"350\" height=\"467\" srcset=\"https:\/\/www.brazilianpress.com\/v1\/wp-content\/uploads\/2013\/08\/social-press-1638-20130801-7.jpg 350w, https:\/\/www.brazilianpress.com\/v1\/wp-content\/uploads\/2013\/08\/social-press-1638-20130801-7-224x300.jpg 224w\" sizes=\"(max-width: 350px) 100vw, 350px\" \/><br \/>\nMaria Gad\u00fa mostrou seu talento, durante um show descontra\u00eddo e emocionante em Manhattan, provando ser uma das maiores estrelas da M\u00fasica Popular Brasileira. A Galera te deseja Sucessos Mil e a gente Quer Mais!!!<\/em><\/strong><\/p>\n<p><strong><em><img loading=\"lazy\" class=\"alignnone size-full wp-image-2015\" alt=\"social press 1638 20130801 (8)\" src=\"http:\/\/www.brazilianpress.com\/v1\/wp-content\/uploads\/2013\/08\/social-press-1638-20130801-8.jpg\" width=\"450\" height=\"300\" srcset=\"https:\/\/www.brazilianpress.com\/v1\/wp-content\/uploads\/2013\/08\/social-press-1638-20130801-8.jpg 450w, https:\/\/www.brazilianpress.com\/v1\/wp-content\/uploads\/2013\/08\/social-press-1638-20130801-8-300x200.jpg 300w\" sizes=\"(max-width: 450px) 100vw, 450px\" \/><br \/>\nFelicita\u00e7\u00f5es ao amigo J\u00falio Faria, que compareceu ao Brasil SummerFest no Central Park. Visite <a href=\"http:\/\/www.brazilianpress.com\">www.brazilianpress.com<\/a> para cobertura exclusiva de Fotos!<\/em><\/strong><\/p>\n<p><strong><em><img loading=\"lazy\" class=\"alignnone size-full wp-image-2016\" alt=\"social press 1638 20130801 (9)\" src=\"http:\/\/www.brazilianpress.com\/v1\/wp-content\/uploads\/2013\/08\/social-press-1638-20130801-9.jpg\" width=\"450\" height=\"300\" srcset=\"https:\/\/www.brazilianpress.com\/v1\/wp-content\/uploads\/2013\/08\/social-press-1638-20130801-9.jpg 450w, https:\/\/www.brazilianpress.com\/v1\/wp-content\/uploads\/2013\/08\/social-press-1638-20130801-9-300x200.jpg 300w\" sizes=\"(max-width: 450px) 100vw, 450px\" \/><br \/>\nNorma e a galera curtindo o agito do Karaok\u00ea do bonit\u00e3o Cla\u00fadio Rodrigues, toda Quarta descobrindo novos talentos no Boi na Brasa Grill. Let\u2019s Sing!<\/em><\/strong><\/p>\n<p><strong><em><img loading=\"lazy\" class=\"alignnone size-full wp-image-2017\" alt=\"social press 1638 20130801 (10)\" src=\"http:\/\/www.brazilianpress.com\/v1\/wp-content\/uploads\/2013\/08\/social-press-1638-20130801-10.jpg\" width=\"450\" height=\"300\" srcset=\"https:\/\/www.brazilianpress.com\/v1\/wp-content\/uploads\/2013\/08\/social-press-1638-20130801-10.jpg 450w, https:\/\/www.brazilianpress.com\/v1\/wp-content\/uploads\/2013\/08\/social-press-1638-20130801-10-300x200.jpg 300w\" sizes=\"(max-width: 450px) 100vw, 450px\" \/><br \/>\nNossos votos de Muito Sucesso \u00e0 Super equipe masculina de atendimento do Casa Nova Grill, liderados pelo gerente Leandro, sempre atenciosos e muito simp\u00e1ticos! Keep Up The Good Work!<\/em><\/strong><\/p>\n<p><strong><em><img loading=\"lazy\" class=\"alignnone size-full wp-image-2018\" alt=\"social press 1638 20130801 (11)\" src=\"http:\/\/www.brazilianpress.com\/v1\/wp-content\/uploads\/2013\/08\/social-press-1638-20130801-11.jpg\" width=\"450\" height=\"300\" srcset=\"https:\/\/www.brazilianpress.com\/v1\/wp-content\/uploads\/2013\/08\/social-press-1638-20130801-11.jpg 450w, https:\/\/www.brazilianpress.com\/v1\/wp-content\/uploads\/2013\/08\/social-press-1638-20130801-11-300x200.jpg 300w\" sizes=\"(max-width: 450px) 100vw, 450px\" \/><br \/>\nVenha saborear as del\u00edcias da comida t\u00edpica brasileira, no Casa Nova Grill, com aquele tempero que faz voc\u00ea se sentir em casa! Home Sweet Home!<\/em><\/strong><\/p>\n","protected":false},"excerpt":{"rendered":"<p>A querida e super animada Natascha Estkise realizou o sonho de conhecer a musa Maria Gad\u00fa, durante sua visita a Big Apple. Chique demais hein! \u201cN\u00f3s limpamos, constru\u00edmos e agora \u00e9 hora de liderar o Estado Jardim\u201d, declarou William Ara\u00fajo, acerca de suas ra\u00edzes luso-brasileira, candidato a Governador de New Jersey, durante visita \u00e0 reda\u00e7\u00e3o do BP ao lado da esposa Iris. Visite www.araujoforgovernor.com para conhecer seu trabalho. Sauda\u00e7\u00f5es aos camaradas Zic e Nils\u00e3o sempre presentes nas melhores Festas e Eventos na Comunidade.<\/p>\n","protected":false},"author":1,"featured_media":2012,"comment_status":"open","ping_status":"open","sticky":false,"template":"","format":"standard","meta":{"_links_to":"","_links_to_target":""},"categories":[1,6],"tags":[],"views":4052,"_links":{"self":[{"href":"https:\/\/www.brazilianpress.com\/v1\/wp-json\/wp\/v2\/posts\/2019"}],"collection":[{"href":"https:\/\/www.brazilianpress.com\/v1\/wp-json\/wp\/v2\/posts"}],"about":[{"href":"https:\/\/www.brazilianpress.com\/v1\/wp-json\/wp\/v2\/types\/post"}],"author":[{"embeddable":true,"href":"https:\/\/www.brazilianpress.com\/v1\/wp-json\/wp\/v2\/users\/1"}],"replies":[{"embeddable":true,"href":"https:\/\/www.brazilianpress.com\/v1\/wp-json\/wp\/v2\/comments?post=2019"}],"version-history":[{"count":3,"href":"https:\/\/www.brazilianpress.com\/v1\/wp-json\/wp\/v2\/posts\/2019\/revisions"}],"predecessor-version":[{"id":2030,"href":"https:\/\/www.brazilianpress.com\/v1\/wp-json\/wp\/v2\/posts\/2019\/revisions\/2030"}],"wp:featuredmedia":[{"embeddable":true,"href":"https:\/\/www.brazilianpress.com\/v1\/wp-json\/wp\/v2\/media\/2012"}],"wp:attachment":[{"href":"https:\/\/www.brazilianpress.com\/v1\/wp-json\/wp\/v2\/media?parent=2019"}],"wp:term":[{"taxonomy":"category","embeddable":true,"href":"https:\/\/www.brazilianpress.com\/v1\/wp-json\/wp\/v2\/categories?post=2019"},{"taxonomy":"post_tag","embeddable":true,"href":"https:\/\/www.brazilianpress.com\/v1\/wp-json\/wp\/v2\/tags?post=2019"}],"curies":[{"name":"wp","href":"https:\/\/api.w.org\/{rel}","templated":true}]}}