{"id":20190,"date":"2016-01-21T14:16:10","date_gmt":"2016-01-21T18:16:10","guid":{"rendered":"http:\/\/www.brazilianpress.com\/v1\/?p=20190"},"modified":"2016-01-21T14:16:10","modified_gmt":"2016-01-21T18:16:10","slug":"whatsapp-nao-vai-mais-cobrar-assinatura-anual-sim-ele-era-pago","status":"publish","type":"post","link":"https:\/\/www.brazilianpress.com\/v1\/2016\/01\/21\/whatsapp-nao-vai-mais-cobrar-assinatura-anual-sim-ele-era-pago\/","title":{"rendered":"WhatsApp n\u00e3o vai mais cobrar assinatura anual (sim, ele era pago)"},"content":{"rendered":"<p><img loading=\"lazy\" class=\"alignnone size-full wp-image-20191\" src=\"http:\/\/www.brazilianpress.com\/v1\/wp-content\/uploads\/2016\/01\/whatsApp.jpg\" alt=\"whatsApp\" width=\"500\" height=\"281\" srcset=\"https:\/\/www.brazilianpress.com\/v1\/wp-content\/uploads\/2016\/01\/whatsApp.jpg 500w, https:\/\/www.brazilianpress.com\/v1\/wp-content\/uploads\/2016\/01\/whatsApp-300x169.jpg 300w\" sizes=\"(max-width: 500px) 100vw, 500px\" \/><\/p>\n<p>Talvez voc\u00ea n\u00e3o saiba, mas o WhatsApp \u00e9 pago: ele cobra US$ 1 por ano dos usu\u00e1rios, embora sejam bem comuns relatos de pessoas que usam o app\u00a0h\u00e1 anos e jamais pagaram para permanecer no servi\u00e7o.<\/p>\n<p>De acordo com o fundador Jan Koum, essa cobran\u00e7a vai deixar de existir e a partir de agora o WhatsApp vai ser definitivamente gratuito.<!--more--><\/p>\n<p>&#8220;N\u00e3o funciona muito bem&#8221;, explicou Koum sobre o atual modelo de neg\u00f3cios do servi\u00e7o extremamente popular de mensagens. O WhatsApp \u00e9 gratuito em seu primeiro ano. Depois disso, usu\u00e1rios precisam pagar US$ 1 por ano para continuar conversando com amigos. N\u00e3o \u00e9 caro, mas pode ser uma barreira para muita gente, j\u00e1 que a cobran\u00e7a s\u00f3 \u00e9 feita por cart\u00e3o de cr\u00e9dito.<\/p>\n<p>Por isso, o WhatsApp vai abandonar esse modelo e vai explorar novas formas de se manter no ar. Se a estrat\u00e9gia soa familiar, \u00e9 porque \u00e9 a mesma adotada pelo Facebook Messenger, que tamb\u00e9m passou a oferecer servi\u00e7os diversificados para gerar receita &#8212; a possibilidade de conversar com empresas,\u00a0transferir dinheiro para amigos\u00a0e at\u00e9 mesmo fazer um\u00a0pedido de carona no Uber.<\/p>\n","protected":false},"excerpt":{"rendered":"<p>Talvez voc\u00ea n\u00e3o saiba, mas o WhatsApp \u00e9 pago: ele cobra US$ 1 por ano dos usu\u00e1rios, embora sejam bem comuns relatos de pessoas que usam o app\u00a0h\u00e1 anos e jamais pagaram para permanecer no servi\u00e7o. De acordo com o fundador Jan Koum, essa cobran\u00e7a vai deixar de existir e a partir de agora o WhatsApp vai ser definitivamente gratuito.<\/p>\n","protected":false},"author":1,"featured_media":20191,"comment_status":"open","ping_status":"open","sticky":false,"template":"","format":"standard","meta":{"_links_to":"","_links_to_target":""},"categories":[4,1],"tags":[],"views":1953,"_links":{"self":[{"href":"https:\/\/www.brazilianpress.com\/v1\/wp-json\/wp\/v2\/posts\/20190"}],"collection":[{"href":"https:\/\/www.brazilianpress.com\/v1\/wp-json\/wp\/v2\/posts"}],"about":[{"href":"https:\/\/www.brazilianpress.com\/v1\/wp-json\/wp\/v2\/types\/post"}],"author":[{"embeddable":true,"href":"https:\/\/www.brazilianpress.com\/v1\/wp-json\/wp\/v2\/users\/1"}],"replies":[{"embeddable":true,"href":"https:\/\/www.brazilianpress.com\/v1\/wp-json\/wp\/v2\/comments?post=20190"}],"version-history":[{"count":1,"href":"https:\/\/www.brazilianpress.com\/v1\/wp-json\/wp\/v2\/posts\/20190\/revisions"}],"predecessor-version":[{"id":20192,"href":"https:\/\/www.brazilianpress.com\/v1\/wp-json\/wp\/v2\/posts\/20190\/revisions\/20192"}],"wp:featuredmedia":[{"embeddable":true,"href":"https:\/\/www.brazilianpress.com\/v1\/wp-json\/wp\/v2\/media\/20191"}],"wp:attachment":[{"href":"https:\/\/www.brazilianpress.com\/v1\/wp-json\/wp\/v2\/media?parent=20190"}],"wp:term":[{"taxonomy":"category","embeddable":true,"href":"https:\/\/www.brazilianpress.com\/v1\/wp-json\/wp\/v2\/categories?post=20190"},{"taxonomy":"post_tag","embeddable":true,"href":"https:\/\/www.brazilianpress.com\/v1\/wp-json\/wp\/v2\/tags?post=20190"}],"curies":[{"name":"wp","href":"https:\/\/api.w.org\/{rel}","templated":true}]}}