{"id":20193,"date":"2016-01-21T14:17:56","date_gmt":"2016-01-21T18:17:56","guid":{"rendered":"http:\/\/www.brazilianpress.com\/v1\/?p=20193"},"modified":"2016-01-21T14:17:56","modified_gmt":"2016-01-21T18:17:56","slug":"wal-mart-fecha-269-lojas-60-no-brasil","status":"publish","type":"post","link":"https:\/\/www.brazilianpress.com\/v1\/2016\/01\/21\/wal-mart-fecha-269-lojas-60-no-brasil\/","title":{"rendered":"Wal-Mart fecha 269 lojas, 60 no Brasil"},"content":{"rendered":"<p><img loading=\"lazy\" class=\"alignnone size-full wp-image-20194\" src=\"http:\/\/www.brazilianpress.com\/v1\/wp-content\/uploads\/2016\/01\/walmart.jpg\" alt=\"walmart\" width=\"500\" height=\"333\" srcset=\"https:\/\/www.brazilianpress.com\/v1\/wp-content\/uploads\/2016\/01\/walmart.jpg 500w, https:\/\/www.brazilianpress.com\/v1\/wp-content\/uploads\/2016\/01\/walmart-300x200.jpg 300w\" sizes=\"(max-width: 500px) 100vw, 500px\" \/><\/p>\n<p>A rede americana de distribui\u00e7\u00e3o Wal-Mart anunciou na sexta-feira que fechar\u00e1 269 supermercados no mundo, 60 deles no Brasil e 55 no restante da Am\u00e9rica Latina, uma decis\u00e3o que afetar\u00e1 16.000 funcion\u00e1rios.<\/p>\n<p>Os Estados Unidos s\u00e3o o pa\u00eds mais afetado com 154 supermercados, entre eles 102 menores, os &#8220;Wal-Mart Express&#8221;, que estavam em teste desde 2011.<!--more--><\/p>\n<p>O n\u00famero um do mundo da distribui\u00e7\u00e3o, que administra 11.600 estabelecimentos comerciais no mundo todo, dos quais 4.700 em territ\u00f3rio americano, afirmou que renuncia ao projeto de atrair uma clientela exigente e que n\u00e3o quer passar muito tempo no supermercado.<\/p>\n<p>Das 115 lojas do Wal-Mart que ser\u00e3o fechadas fora dos Estados Unidos, as 60 que est\u00e3o no Brasil e, segundo a empresa, &#8220;perdem dinheiro&#8221;. Esses supermercados representam 5% do faturamento do Wal-Mart no pa\u00eds.<\/p>\n<p>A empresa afirmou que em breve dar\u00e1 mais detalhes sobre o fechamento das suas lojas nos demais pa\u00edses da Am\u00e9rica Latina.<\/p>\n<p>Dos 16.000 funcion\u00e1rios afetados, 10.000 trabalham nos Estados Unidos. No Brasil, o Wal-Mart garante ter transferido grande parte dos assalariados para outros supermercados.<\/p>\n<p>O Wal-Mart deve publicar seus pr\u00f3ximos resultados trimestrais no dia 18 de fevereiro.<\/p>\n","protected":false},"excerpt":{"rendered":"<p>A rede americana de distribui\u00e7\u00e3o Wal-Mart anunciou na sexta-feira que fechar\u00e1 269 supermercados no mundo, 60 deles no Brasil e 55 no restante da Am\u00e9rica Latina, uma decis\u00e3o que afetar\u00e1 16.000 funcion\u00e1rios. Os Estados Unidos s\u00e3o o pa\u00eds mais afetado com 154 supermercados, entre eles 102 menores, os &#8220;Wal-Mart Express&#8221;, que estavam em teste desde 2011.<\/p>\n","protected":false},"author":1,"featured_media":20194,"comment_status":"open","ping_status":"open","sticky":false,"template":"","format":"standard","meta":{"_links_to":"","_links_to_target":""},"categories":[4,1],"tags":[],"views":2310,"_links":{"self":[{"href":"https:\/\/www.brazilianpress.com\/v1\/wp-json\/wp\/v2\/posts\/20193"}],"collection":[{"href":"https:\/\/www.brazilianpress.com\/v1\/wp-json\/wp\/v2\/posts"}],"about":[{"href":"https:\/\/www.brazilianpress.com\/v1\/wp-json\/wp\/v2\/types\/post"}],"author":[{"embeddable":true,"href":"https:\/\/www.brazilianpress.com\/v1\/wp-json\/wp\/v2\/users\/1"}],"replies":[{"embeddable":true,"href":"https:\/\/www.brazilianpress.com\/v1\/wp-json\/wp\/v2\/comments?post=20193"}],"version-history":[{"count":1,"href":"https:\/\/www.brazilianpress.com\/v1\/wp-json\/wp\/v2\/posts\/20193\/revisions"}],"predecessor-version":[{"id":20195,"href":"https:\/\/www.brazilianpress.com\/v1\/wp-json\/wp\/v2\/posts\/20193\/revisions\/20195"}],"wp:featuredmedia":[{"embeddable":true,"href":"https:\/\/www.brazilianpress.com\/v1\/wp-json\/wp\/v2\/media\/20194"}],"wp:attachment":[{"href":"https:\/\/www.brazilianpress.com\/v1\/wp-json\/wp\/v2\/media?parent=20193"}],"wp:term":[{"taxonomy":"category","embeddable":true,"href":"https:\/\/www.brazilianpress.com\/v1\/wp-json\/wp\/v2\/categories?post=20193"},{"taxonomy":"post_tag","embeddable":true,"href":"https:\/\/www.brazilianpress.com\/v1\/wp-json\/wp\/v2\/tags?post=20193"}],"curies":[{"name":"wp","href":"https:\/\/api.w.org\/{rel}","templated":true}]}}